{"id":43003,"date":"2020-07-02T17:59:51","date_gmt":"2020-07-02T17:59:51","guid":{"rendered":"https:\/\/sociedaddelainnovacion.es\/tret-de-sortida-innolab\/"},"modified":"2025-02-05T20:28:50","modified_gmt":"2025-02-05T20:28:50","slug":"tret-de-sortida-innolab","status":"publish","type":"post","link":"https:\/\/sociedaddelainnovacion.es\/ca\/tret-de-sortida-innolab\/","title":{"rendered":"Tret de sortida d&#8217;Innolab"},"content":{"rendered":"<p>El passat dilluns 14 de juliol vam ser a <strong>Citilab<\/strong>, a Cornell\u00e0 de Llobregat. Donant el tret de sortida a <strong>Innolab, la comunitat d&#8217;innovaci\u00f3 del Baix Llobregat<\/strong>, liderada per Innobaix, l&#8217;Ag\u00e8ncia d&#8217;Innovaci\u00f3 del Baix Llobregat.<\/p>\n<figure id=\"attachment_3937\" aria-describedby=\"caption-attachment-3937\" style=\"width: 2048px\" class=\"wp-caption aligncenter\"><a href=\"http:\/\/sociedaddelainnovacion.es\/wp-content\/uploads\/2014\/07\/imatge-1.jpg\"><img loading=\"lazy\" decoding=\"async\" class=\"size-full wp-image-3937\" src=\"http:\/\/sociedaddelainnovacion.es\/wp-content\/uploads\/2014\/07\/imatge-1.jpg\" alt=\"Primera sessi\u00f3 d'Innolab 2014\" width=\"2048\" height=\"1536\" \/><\/a><figcaption id=\"caption-attachment-3937\" class=\"wp-caption-text\">Primera sessi\u00f3 d&#8217;Innolab 2014<\/figcaption><\/figure>\n<p>Aquesta comunitat implicar\u00e0 a 4 ajuntaments: el de Sant Just Desvern, el d&#8217;Esplugues, el del Prat de Llobregat i el de Gav\u00e0; tamb\u00e9 a entitats del sector privat amb pres\u00e8ncia al territori com, l\u2019Hospital de Sant Joan de D\u00e9u, Hesperia, J.Juan, Vent\u00f3s i Bayer; aix\u00ed com a alumnes de 6 instituts de la comarca: <a title=\"Institut Camps Blancs\" href=\"http:\/\/inscampsblancs.cat\/\" target=\"_blank\" rel=\"noopener noreferrer nofollow\">Camps Blancs<\/a>, <a title=\"Institut Ribera Baixa\" href=\"http:\/\/www.iesriberabaixa.cat\/\" target=\"_blank\" rel=\"noopener noreferrer nofollow\">Ribera Baixa<\/a>, <a title=\"Institut El Calamot\" href=\"http:\/\/www.ieselcalamot.com\/\" target=\"_blank\" rel=\"noopener noreferrer nofollow\">El Calamot<\/a>, <a title=\"Institut Illa dels Banyols\" href=\"http:\/\/www.insilla.net\/\" target=\"_blank\" rel=\"noopener noreferrer nofollow\">Illa dels Banyols<\/a>, Ins. SJD i l&#8217;<a title=\"Institut Esteve Terradas\" href=\"http:\/\/www.esteveterradas.cat\/\" target=\"_blank\" rel=\"noopener noreferrer nofollow\">Institut ET<\/a>.<\/p>\n<p>L&#8217;objectiu \u00e9s <strong>crear un espai recurrent on desenvolupar les capacitats i habilitats d&#8217;innovaci\u00f3 de l&#8217;alumnat del territori<\/strong>, a la vegada que es buscar\u00e0 donar resposta a reptes reals d&#8217;entitats p\u00fabliques i privades. El projecte tamb\u00e9 permetr\u00e0 connectar el talent jove amb els nuclis productius del territori, impulsant les capacitats d&#8217;innovaci\u00f3 del Baix Llobregat.<\/p>\n<p>En aquesta primera sessi\u00f3, on es varen trobar tutors dels instituts, t\u00e8cnics de promoci\u00f3 econ\u00f2mica dels ajuntaments i representants de les empreses, es varen posar coneixements d&#8217;innovaci\u00f3 en com\u00fa, i sobretot es varen treballar els reptes a llan\u00e7ar al conjunt d&#8217;alumnes a partir del proper mes de setembre.<\/p>\n<figure id=\"attachment_3944\" aria-describedby=\"caption-attachment-3944\" style=\"width: 1029px\" class=\"wp-caption aligncenter\"><a href=\"http:\/\/sociedaddelainnovacion.es\/wp-content\/uploads\/2014\/07\/posits.jpg\"><img loading=\"lazy\" decoding=\"async\" class=\"wp-image-3944 size-full\" src=\"http:\/\/sociedaddelainnovacion.es\/wp-content\/uploads\/2014\/07\/posits.jpg\" alt=\"Definint la innovaci\u00f3n\" width=\"1029\" height=\"283\" \/><\/a><figcaption id=\"caption-attachment-3944\" class=\"wp-caption-text\">Definint la innovaci\u00f3<\/figcaption><\/figure>\n<p>En aquesta primera trobada, \u00e9s important definir b\u00e9:<\/p>\n<ul>\n<li>Qu\u00e8 considerem innovaci\u00f3.<\/li>\n<li>Identificar com est\u00e0 innovant cadasc\u00fa.<\/li>\n<li>Per qu\u00e8 ens interessa innovar.<\/li>\n<li>Quines s\u00f3n les oportunitats de millora que t\u00e9 cada organitzaci\u00f3.<\/li>\n<li>I fins i tot quines opcions de col\u00b7laboraci\u00f3 existeixen entre les entitats participants: aix\u00f2 \u00e9s precisament el que v\u00e0rem treballar.<\/li>\n<\/ul>\n<p>Un cop posat tot aix\u00f2 en com\u00fa, els participants van estar definint i presentant a la resta de la comunitat quins seran els reptes a llan\u00e7ar als alumnes, tot contrastant amb els tutors quins s\u00f3n els reptes que s&#8217;ajusten a les capacitats dels seus estudiants.<\/p>\n<figure id=\"attachment_3941\" aria-describedby=\"caption-attachment-3941\" style=\"width: 1024px\" class=\"wp-caption aligncenter\"><a href=\"http:\/\/sociedaddelainnovacion.es\/wp-content\/uploads\/2014\/07\/imatge-5.jpg\"><img loading=\"lazy\" decoding=\"async\" class=\"wp-image-3941 size-full\" src=\"http:\/\/sociedaddelainnovacion.es\/wp-content\/uploads\/2014\/07\/imatge-5.jpg\" alt=\"Els assistents a Innolab debatent sobre reptes\" width=\"1024\" height=\"516\" \/><\/a><figcaption id=\"caption-attachment-3941\" class=\"wp-caption-text\">Els assistents a Innolab debatent sobre reptes<\/figcaption><\/figure>\n<p>Una primera trobada molt interessant i que de ben segur donar\u00e0 els seus fruits a partir del mes de setembre, quan comen\u00e7ar\u00e0 la part m\u00e9s divertida, amb l&#8217;entrada de tot el talent jove del territori!<\/p>\n<h3>Alumnes, prepareu-vos per innovar, que d&#8217;aqu\u00ed molt poc coneixereu els reptes i us tocar\u00e0 ser innovadors!<\/h3>\n","protected":false},"excerpt":{"rendered":"<p>El passat dilluns 14 de juliol vam ser a Citilab, a Cornell\u00e0 de Llobregat. Donant el tret de sortida a Innolab, la comunitat d&#8217;innovaci\u00f3 del Baix Llobregat, liderada per Innobaix, l&#8217;Ag\u00e8ncia d&#8217;Innovaci\u00f3 del Baix Llobregat.<\/p>\n","protected":false},"author":70,"featured_media":45478,"comment_status":"open","ping_status":"open","sticky":false,"template":"","format":"standard","meta":{"_acf_changed":false,"footnotes":""},"categories":[190],"tags":[],"class_list":["post-43003","post","type-post","status-publish","format-standard","has-post-thumbnail","hentry","category-innovacio-educativa"],"acf":[],"_links":{"self":[{"href":"https:\/\/sociedaddelainnovacion.es\/ca\/wp-json\/wp\/v2\/posts\/43003","targetHints":{"allow":["GET"]}}],"collection":[{"href":"https:\/\/sociedaddelainnovacion.es\/ca\/wp-json\/wp\/v2\/posts"}],"about":[{"href":"https:\/\/sociedaddelainnovacion.es\/ca\/wp-json\/wp\/v2\/types\/post"}],"author":[{"embeddable":true,"href":"https:\/\/sociedaddelainnovacion.es\/ca\/wp-json\/wp\/v2\/users\/70"}],"replies":[{"embeddable":true,"href":"https:\/\/sociedaddelainnovacion.es\/ca\/wp-json\/wp\/v2\/comments?post=43003"}],"version-history":[{"count":0,"href":"https:\/\/sociedaddelainnovacion.es\/ca\/wp-json\/wp\/v2\/posts\/43003\/revisions"}],"wp:featuredmedia":[{"embeddable":true,"href":"https:\/\/sociedaddelainnovacion.es\/ca\/wp-json\/wp\/v2\/media\/45478"}],"wp:attachment":[{"href":"https:\/\/sociedaddelainnovacion.es\/ca\/wp-json\/wp\/v2\/media?parent=43003"}],"wp:term":[{"taxonomy":"category","embeddable":true,"href":"https:\/\/sociedaddelainnovacion.es\/ca\/wp-json\/wp\/v2\/categories?post=43003"},{"taxonomy":"post_tag","embeddable":true,"href":"https:\/\/sociedaddelainnovacion.es\/ca\/wp-json\/wp\/v2\/tags?post=43003"}],"curies":[{"name":"wp","href":"https:\/\/api.w.org\/{rel}","templated":true}]}}