{"id":43032,"date":"2020-07-03T07:18:31","date_gmt":"2020-07-03T07:18:31","guid":{"rendered":"https:\/\/sociedaddelainnovacion.es\/5-raons-per-connectar-empreses-i-escoles\/"},"modified":"2025-02-05T19:26:04","modified_gmt":"2025-02-05T19:26:04","slug":"5-raons-per-connectar-empreses-i-escoles","status":"publish","type":"post","link":"https:\/\/sociedaddelainnovacion.es\/ca\/5-raons-per-connectar-empreses-i-escoles\/","title":{"rendered":"5 raons per connectar empreses i escoles"},"content":{"rendered":"<p>Gr\u00e0cies a l\u2019experi\u00e8ncia que tenim, hem observat una greu desconnexi\u00f3 entre el sector educatiu i el sector empresarial. Els dos es miren amb cert recel i desconfian\u00e7a, i sovint no perceben el valor que els hi pot aportar l\u2019altre.<\/p>\n<p>Per refermar la nostra aposta d\u2019obrir ponts entre empresa i escola, us donem 5 raons:<\/p>\n<ol>\n<li><a title=\"Usable Knowledge Harvard\" href=\"http:\/\/www.gse.harvard.edu\/uk\" target=\"_blank\" rel=\"noopener noreferrer nofollow\"><strong>Coneixement \u201cutilitzable\u201d<\/strong><\/a>: cal revisar els continguts i les metodologies per tal de donar un enfocament pr\u00e0ctic al coneixement generat a les aules. Per pr\u00e0ctic entenem que generi valor social o econ\u00f2mic per alg\u00fa. Si no hi ha una vocaci\u00f3 de servei en all\u00f2 que fem, no li trobem sentit i la motivaci\u00f3 de l\u2019alumnat (i el professorat) cau en picat. Experi\u00e8ncies com la de l\u2019Aprenentatge Servei ens demostren que engresca molt m\u00e9s aprendre quan hi ha un objectiu aplicat o repte a resoldre.<\/li>\n<li><strong>Refrescar continguts<\/strong>: tots hem tingut la sensaci\u00f3 de que all\u00f2 que ens ensenyaven a l\u2019escola o la universitat, poc o res ens servia a l\u2019hora de cercar feina i resoldre els problemes del dia a dia en el nostre lloc de treball. El m\u00f3n educatiu s\u2019ha tornat endog\u00e0mic i es mira el melic, i s\u00f3n poques les empreses compromeses amb el seu entorn social i s\u2019impliquen en el desenvolupament educatiu del que seran els seus futurs treballadors. Implicar l\u2019empresa en l\u2019educaci\u00f3, i que els centres s\u2019interessin per les empreses, ens servir\u00e0 per tenir uns continguts i estrat\u00e8gies m\u00e9s vinculades a la realitat. Aix\u00f2 afavorir\u00e0 que el salt al m\u00f3n laboral no sigui tan gran, sortint-ne tots beneficiats.<\/li>\n<li><strong>Col\u00b7laboracions win-win<\/strong>: la tend\u00e8ncia de la economia col\u00b7laborativa ens est\u00e0 donant exemples extraordinaris de com 1+1 pot donar m\u00e9s de 2. La gesti\u00f3 de les aliances esdev\u00e9 cada cop m\u00e9s un \u00e0mbit clau a desenvolupar per part del lideratge de les institucions educatives. Els centres poden obtenir grans beneficis si s\u2019obren al seu entorn social i econ\u00f2mic. Les empreses, per la seva part, poden aprofitar aquestes col\u00b7laboracions per estimular als seus treballadors i posar-se al dia en noves tecnologies, per exemple.<br \/>\n<iframe loading=\"lazy\" src=\"\/\/www.youtube.com\/embed\/m5f9YUtXqx4\" width=\"560\" height=\"315\" frameborder=\"0\" allowfullscreen=\"allowfullscreen\"><\/iframe><\/li>\n<li><strong>Actualitzaci\u00f3 professional: <\/strong>aquesta endog\u00e0mia i estr\u00e8s del m\u00f3n educatiu fa que els professionals que decideixen dedicar-se a la doc\u00e8ncia, es desvinculin del sector productiu de la seva especialitat. Avui en dia, amb els canvis tan grans i r\u00e0pids que tenim, en 3-5 anys pot canviar tot, i que els coneixements i experi\u00e8ncia que et servien, deixin de ser valuosos per l\u2019alumnat. Mantenir un lligam estret entre el m\u00f3n empresarial que envolta al centre ens pot permetre estar m\u00e9s al dia d\u2019all\u00f2 que a l\u2019hora de cercar feina els hi demanaran als nostres alumnes.<\/li>\n<li><strong>Creativitat i innovaci\u00f3<\/strong>: tots sabem que els estudiants s\u00f3n \u201cesponges\u201d, i quant m\u00e9s joves m\u00e9s ho s\u00f3n. Per aix\u00f2, des de ben petits, cal que introdu\u00efm en el seu ADN els valors que els hi serviran s\u00ed o s\u00ed per ser millors persones i tenir m\u00e9s possibilitats de reeixir laboralment en el futur. En un <a title=\"M\u00f3n l\u00edquid\" href=\"http:\/\/www.elmundo.es\/elmundo\/2013\/05\/16\/economia\/1368689703.html\" target=\"_blank\" rel=\"noopener noreferrer nofollow\">m\u00f3n l\u00edquid<\/a>, on <a href=\"http:\/\/www.amazon.es\/Sobre-educaci%C3%B3n-mundo-l%C3%ADquido-Conversaciones\/dp\/844932811X\" target=\"_blank\" rel=\"noopener noreferrer nofollow\">l\u2019educaci\u00f3 ha de gestionar les incerteses<\/a>, hi ha una s\u00e8rie de valors i\/o compet\u00e8ncies vinculades a la creativitat i la innovaci\u00f3 que haurien de ser transversals a les planificacions educatives: arriscar, crear, ser cr\u00edtic, col\u00b7laborar, preguntar, inspirar-se, explorar, compartir, reflexionar, imaginar i sobretot pensar.<\/li>\n<\/ol>\n<p>Des d\u2019Induct, posem el nostre granet de sorra per impulsar aquests valors amb projectes com <a title=\"Innobaix, innolab\" href=\"http:\/\/innobaix.cat\/?page_id=2057\" target=\"_blank\" rel=\"noopener noreferrer nofollow\">Innolab<\/a> on empreses, ajuntaments i centres educatius es trobem per resoldre reptes reals de forma col\u00b7laborativa.<\/p>\n<p>Us invitem a veure algunes de les fotografies de les visites a empreses i tallers de creativitat desenvolupats en aquest projecte:<\/p>\n Taller de creativitat a El Prat de Llobregat\n Taller de creativitat a Viladecans\n Taller de creativitat a l&#8217;IES Severo Ochoa a Esplugues de Llobregat\n Visita a Bayer, Baix Llobregat\n Visita a l&#8217;empresa Ernesto Vent\u00f3s\n Visita dels alumnes a J. Juan Brake Sistems\n","protected":false},"excerpt":{"rendered":"<p>Gr\u00e0cies a l\u2019experi\u00e8ncia que tenim, hem observat una greu desconnexi\u00f3 entre el sector educatiu i el sector empresarial. Els dos es miren amb cert recel i desconfian\u00e7a, i sovint no perceben el valor que els hi pot aportar l\u2019altre.<\/p>\n","protected":false},"author":11,"featured_media":45838,"comment_status":"open","ping_status":"open","sticky":false,"template":"","format":"standard","meta":{"_acf_changed":false,"footnotes":""},"categories":[190,218,232],"tags":[],"class_list":["post-43032","post","type-post","status-publish","format-standard","has-post-thumbnail","hentry","category-innovacio-educativa","category-innovacio-oberta","category-projectes-innovadors"],"acf":[],"_links":{"self":[{"href":"https:\/\/sociedaddelainnovacion.es\/ca\/wp-json\/wp\/v2\/posts\/43032","targetHints":{"allow":["GET"]}}],"collection":[{"href":"https:\/\/sociedaddelainnovacion.es\/ca\/wp-json\/wp\/v2\/posts"}],"about":[{"href":"https:\/\/sociedaddelainnovacion.es\/ca\/wp-json\/wp\/v2\/types\/post"}],"author":[{"embeddable":true,"href":"https:\/\/sociedaddelainnovacion.es\/ca\/wp-json\/wp\/v2\/users\/11"}],"replies":[{"embeddable":true,"href":"https:\/\/sociedaddelainnovacion.es\/ca\/wp-json\/wp\/v2\/comments?post=43032"}],"version-history":[{"count":0,"href":"https:\/\/sociedaddelainnovacion.es\/ca\/wp-json\/wp\/v2\/posts\/43032\/revisions"}],"wp:featuredmedia":[{"embeddable":true,"href":"https:\/\/sociedaddelainnovacion.es\/ca\/wp-json\/wp\/v2\/media\/45838"}],"wp:attachment":[{"href":"https:\/\/sociedaddelainnovacion.es\/ca\/wp-json\/wp\/v2\/media?parent=43032"}],"wp:term":[{"taxonomy":"category","embeddable":true,"href":"https:\/\/sociedaddelainnovacion.es\/ca\/wp-json\/wp\/v2\/categories?post=43032"},{"taxonomy":"post_tag","embeddable":true,"href":"https:\/\/sociedaddelainnovacion.es\/ca\/wp-json\/wp\/v2\/tags?post=43032"}],"curies":[{"name":"wp","href":"https:\/\/api.w.org\/{rel}","templated":true}]}}