{"id":43160,"date":"2018-06-01T10:57:08","date_gmt":"2018-06-01T10:57:08","guid":{"rendered":"https:\/\/sociedaddelainnovacion.es\/innovant-en-el-sector-maritim\/"},"modified":"2025-02-09T21:07:25","modified_gmt":"2025-02-09T21:07:25","slug":"innovant-en-el-sector-maritim","status":"publish","type":"post","link":"https:\/\/sociedaddelainnovacion.es\/ca\/innovant-en-el-sector-maritim\/","title":{"rendered":"Innovant en el sector mar\u00edtim"},"content":{"rendered":"<p>Com deia Steve Jobs, &#8220;la innovaci\u00f3 distingeix els l\u00edders dels seguidors&#8221;. Nosaltres, des de Societat de la Innovaci\u00f3, no ens cansarem de repetir-ho: <strong>la clau de l&#8217;\u00e8xit de qualsevol negoci (i sector) est\u00e0 en la seva capacitat d&#8217;innovar.<\/strong> Per sort, en l&#8217;actualitat, cada cop s\u00f3n m\u00e9s els negocis que estan comen\u00e7ant a valorar la import\u00e0ncia de la innovaci\u00f3 i a entendre, que en realitat, l&#8217;\u00fanic risc \u00e9s no innovar.<\/p>\n<p><a href=\"https:\/\/sociedaddelainnovacion.es\/wp-content\/uploads\/2015\/10\/sector-mar\u00edtimo.jpg\"><img loading=\"lazy\" decoding=\"async\" class=\"aligncenter size-full wp-image-8986\" src=\"https:\/\/sociedaddelainnovacion.es\/wp-content\/uploads\/2015\/10\/sector-mar\u00edtimo.jpg\" alt=\"sector mar\u00edtimo\" width=\"538\" height=\"357\" \/><\/a><\/p>\n<p>El Port de Barcelona porta temps implicant-se en diferents iniciatives innovadores en l&#8217;\u00e0mbit mar\u00edtim, i per aix\u00f2 avui ens volem centrar en la capacitat innovadora d&#8217;aquest gran sector. I parlem d&#8217;un &#8220;gran&#8221; sector, no nom\u00e9s per l&#8217;amplitud dels negocis que abasta (transport mar\u00edtim, construcci\u00f3 naval, l&#8217;enginyeria, pesca, ind\u00fastria n\u00e0utica d&#8217;esbarjo, ports esportius, energies d&#8217;origen mar\u00ed, creuers&#8230;), sin\u00f3 tamb\u00e9 per la seva import\u00e0ncia en la nostra economia.<\/p>\n<p>El mar \u00e9s font tradicional d&#8217;una part important de la riquesa que es genera al nostre pa\u00eds. De fet, <a href=\"http:\/\/www.ieee.es\/Galerias\/fichero\/docs_opinion\/2011\/DIEEEO87-2011_DimensionMaritimaEspana_AGlezRomero.pdf\" rel=\"nofollow noopener\" target=\"_blank\">el sector<\/a> representa el 2,56% de la producci\u00f3 efectiva de l&#8217;economia espanyola, genera un 2&#8217;75% del PIB i ocupa a un 2,3% del total de l&#8217;ocupaci\u00f3 de l&#8217;economia espanyola, segons l&#8217;Institut Espanyol d\u2019Estudis Estrat\u00e8gics, del Ministeri de Defensa del Govern d&#8217;Espanya.<\/p>\n<p>A m\u00e9s, aprofitant que tenim entre mans el projecte Port Innova, on 18 centres catalans i 8 empreses del Port de Barcelona treballen ja junts per resoldre reptes d&#8217;innovaci\u00f3 del sector mar\u00edtim, avui volem llan\u00e7ar un missatge (d&#8217;innovaci\u00f3) dins d&#8217;una ampolla que esperem que arribi molt lluny: ja s&#8217;est\u00e0 innovant en el sector del mar espanyol.<\/p>\n<p>Avui us presentem 6 projectes que innoven vent en popa i a tota vela del sector mar\u00edtim. Embarquem!<\/p>\n<p><a href=\"http:\/\/www.nautal.es\/\" rel=\"nofollow noopener\" target=\"_blank\">Nautal:<\/a> ara navegar est\u00e0 a l&#8217;abast de tots<\/p>\n<p>Amb el desig de donar a con\u00e8ixer i amarar a la ciutadania de la cultura n\u00e0utica tan arrelada a moltes ciutats del pa\u00eds, neix Nautal una empresa jove, formada per 4 joves emprenedors que han vist com el sector mar\u00edtim pot donar molt m\u00e9s de si, aprofitant millor els vaixells i ports.<\/p>\n<p>Juntament amb experts del m\u00f3n d&#8217;Internet, han creat una plataforma que permet que armadors de vaixells i clients puguin trobar el lloguer que millor s&#8217;adapta a les seves necessitats, a un preu raonable i assegurant sempre la seguretat del servei.<\/p>\n<p>La plataforma, molt intu\u00eftiva i funcional, ha estat concebuda com un <em>marketplace<\/em> on propietaris de vaixells, empreses x\u00e0rter i clients poden trobar-se de manera f\u00e0cil, r\u00e0pida i segura.<\/p>\n<p><a href=\"http:\/\/www.elperiodico.cat\/ca\/noticias\/tecnologia\/vambes-100-les-escombraries-dels-oceans-4332765\" rel=\"nofollow noopener\" target=\"_blank\">Adidas &amp; Parley for the oceans<\/a>: les esportives m\u00e9s <em>eco-friendly<\/em> del mercat.<\/p>\n<p>A Adidas saben que ser gran avui no significa ser-ho dem\u00e0, tal com ven\u00edem comentant. Per aquest motiu, saben que la innovaci\u00f3 i la diferenciaci\u00f3 s\u00f3n elements fonamentals per seguir estant a l&#8217;altura.<\/p>\n<p>En aquesta l\u00ednia, Adidas, en col\u00b7laboraci\u00f3 amb una organitzaci\u00f3 mediambiental creativa anomenada Parley for the oceans, va portar la marca a idear un prototip de bambes fabricades 100% a partir de residus del mar, concretament amb fils i filaments de residus de pl\u00e0stic i xarxes de pesca il\u00b7legal recollides de mars i oceans.<\/p>\n<p>Sens dubte una iniciativa que ens encanta!<\/p>\n<figure id=\"attachment_8987\" aria-describedby=\"caption-attachment-8987\" style=\"width: 646px\" class=\"wp-caption aligncenter\"><a href=\"https:\/\/sociedaddelainnovacion.es\/wp-content\/uploads\/2015\/10\/Adidas-Parley-for-the-oceans.jpg\"><img loading=\"lazy\" decoding=\"async\" class=\"wp-image-8987 size-full\" src=\"https:\/\/sociedaddelainnovacion.es\/wp-content\/uploads\/2015\/10\/Adidas-Parley-for-the-oceans.jpg\" alt=\"Projecte esportives eco-friendly d'Adidas &amp; Parley for the oceans\" width=\"646\" height=\"323\" \/><\/a><figcaption id=\"caption-attachment-8987\" class=\"wp-caption-text\">Projecte esportives eco-friendly d&#8217;Adidas &amp; Parley for the oceans<\/figcaption><\/figure>\n<p><a href=\"http:\/\/ecoalf.com\/\" rel=\"nofollow noopener\" target=\"_blank\">Ecoalf:<\/a> la moda no \u00e9s nom\u00e9s aparen\u00e7a<\/p>\n<p>Amb la idea de crear una companyia de moda realment sostenible, el 2009 va n\u00e9ixer Ecoalf. L&#8217;\u00fas excessiu dels recursos naturals del m\u00f3n i la quantitat de residus produ\u00efts pels pa\u00efsos industrialitzats van ser els conceptes que van guiar el negoci des dels seus inicis.<\/p>\n<p>El reciclatge encaixava perfectament amb la idea de negoci, sempre garantint la qualitat, disseny i propietats t\u00e8cniques dels millors productes no reciclats.<\/p>\n<p>A dia d&#8217;avui, Ecoalf ofereix col\u00b7lecci\u00f3 de dona, home i nen, aix\u00ed com un portal <em>outlet<\/em> on trobar les seves peces als millors preus.<\/p>\n<p>Sens dubte, una gran manera de demostrar que no cal seguir utilitzant recursos naturals d&#8217;una manera indiscriminada. Ecoalf \u00e9s la prova que es pot anar a l&#8217;\u00faltima i tenint cura del medi ambient.<\/p>\n<figure id=\"attachment_8988\" aria-describedby=\"caption-attachment-8988\" style=\"width: 1105px\" class=\"wp-caption aligncenter\"><a href=\"https:\/\/sociedaddelainnovacion.es\/wp-content\/uploads\/2015\/10\/Ecoalf.jpg\"><img loading=\"lazy\" decoding=\"async\" class=\"wp-image-8988 size-full\" src=\"https:\/\/sociedaddelainnovacion.es\/wp-content\/uploads\/2015\/10\/Ecoalf.jpg\" alt=\"Ecoalf, la moda que respecta el medi ambient\" width=\"1105\" height=\"429\" \/><\/a><figcaption id=\"caption-attachment-8988\" class=\"wp-caption-text\">Ecoalf, la moda que respecta el medi ambient<\/figcaption><\/figure>\n<p><a href=\"frontpage-team.jpghttp:\/\/www.elmundo.es\/economia\/2015\/05\/18\/5554e580ca4741556e8b459d.html\" rel=\"nofollow noopener\" target=\"_blank\">Eolos Lidar<\/a><\/p>\n<p>Tamb\u00e9 volem presentar-vos un projecte m\u00e9s t\u00e8cnic per\u00f2 molt innovador: el Eolos Lidar, un sistema de mesurament del vent en empla\u00e7aments marins en els quals es planteja construir un parc e\u00f2lic.<\/p>\n<p>Un projecte d&#8217;aquesta envergadura, necessita de l&#8217;an\u00e0lisi de gran quantitat de dades pr\u00e8vies a la seva posada en marxa. Un d&#8217;ells \u00e9s saber exactament quin ser\u00e0 el vent en aquest empla\u00e7ament concret, per al que es realitzen una s\u00e8rie de mesuraments durant un any com a m\u00ednim per reduir la incertesa. Aix\u00ed, amb la finalitat \u00faltima de crear aquest parc e\u00f2lic, Eolos Lidar ha dissenyat un sistema de mesurament i una plataforma totalment innovadors que faciliten notablement aquesta tasca. Per realitzar els mesuraments del vent, envia uns l\u00e0sers a l&#8217;atmosfera que reboten en els aerosols, unes part\u00edcules min\u00fascules que es troben a l&#8217;atmosfera i que tornen al mateix sistema, que mesura el que el sistema ha rebut i em\u00e8s. A trav\u00e9s de la difer\u00e8ncia, poden calcular la velocitat i direcci\u00f3 del vent a diferents al\u00e7ades.<\/p>\n<p>A m\u00e9s, la plataforma compta amb generadors d&#8217;energies renovables com plaques solars i turbines que aprofiten la velocitat de l&#8217;aire i que fan d&#8217;ell un sistema pr\u00e0cticament aut\u00f2nom.<\/p>\n<p>Eolos Lidar s&#8217;ha proclamat vencedor del premi en la categoria d&#8217;innovaci\u00f3 del InnovEIT 2015, celebrat a Budapest i ha estat catalogat com el projecte m\u00e9s innovador d&#8217;Europa de tots els que ha incubat l&#8217;Institut Europeu de Tecnologia.<\/p>\n<figure id=\"attachment_8989\" aria-describedby=\"caption-attachment-8989\" style=\"width: 657px\" class=\"wp-caption aligncenter\"><a href=\"https:\/\/sociedaddelainnovacion.es\/wp-content\/uploads\/2015\/10\/Eolos.jpg\"><img loading=\"lazy\" decoding=\"async\" class=\"wp-image-8989 size-full\" src=\"https:\/\/sociedaddelainnovacion.es\/wp-content\/uploads\/2015\/10\/Eolos.jpg\" alt=\"Eolos Lidar \u00e9s l'innovador sistema per la medici\u00f3 del vent\" width=\"657\" height=\"361\" \/><\/a><figcaption id=\"caption-attachment-8989\" class=\"wp-caption-text\">Eolos Lidar \u00e9s l&#8217;innovador sistema per la medici\u00f3 del vent<\/figcaption><\/figure>\n<p><a href=\"http:\/\/www.elperiodico.com\/es\/noticias\/ocio-y-cultura\/innovacion-gourmet-viene-del-mar-4096669\" rel=\"nofollow noopener\" target=\"_blank\">Salon Gourmets<\/a><\/p>\n<p>Com sabeu, tamb\u00e9 ens agrada la innovaci\u00f3 en <a href=\"https:\/\/www.sociedaddelainnovacion.es\/5-startups-aplicando-la-receta-de-la-innovacion-startups-gastronomia\/\">gastronomia<\/a> i si a m\u00e9s sumem el factor mar, les opcions s\u00f3n infinites! En aquesta l\u00ednia, podem parlar de pl\u00e0ncton, caviar d&#8217;algues, conserves que s&#8217;allunyen d\u2019all\u00f2 tradicional&#8230; Grans xefs estrelles Michelin com \u00c1ngel Le\u00f3n, Crist\u00f3bal Nicolau i la celebraci\u00f3 de diferents Salons Gourmet han propiciat aquestes <a href=\"http:\/\/www.elperiodico.com\/es\/noticias\/ocio-y-cultura\/innovacion-gourmet-viene-del-mar-4096669\" rel=\"nofollow noopener\" target=\"_blank\">delicioses innovacions.<\/a><\/p>\n<figure id=\"attachment_8990\" aria-describedby=\"caption-attachment-8990\" style=\"width: 700px\" class=\"wp-caption aligncenter\"><a href=\"https:\/\/sociedaddelainnovacion.es\/wp-content\/uploads\/2015\/10\/sal\u00f3n-gourmet.jpg\"><img loading=\"lazy\" decoding=\"async\" class=\"wp-image-8990 size-full\" src=\"https:\/\/sociedaddelainnovacion.es\/wp-content\/uploads\/2015\/10\/sal\u00f3n-gourmet.jpg\" alt=\"Imatge de Sal\u00f3n de Gourmets\" width=\"700\" height=\"416\" \/><\/a><figcaption id=\"caption-attachment-8990\" class=\"wp-caption-text\">Imatge de Sal\u00f3n de Gourmets<\/figcaption><\/figure>\n<p><a href=\"https:\/\/www.youtube.com\/watch?v=Olm0bo9B8fk\" rel=\"nofollow noopener\" target=\"_blank\">Coronita: Save The Beach<\/a><\/p>\n<p>Una altra coneguda empresa que s&#8217;ha implicat en projectes que incorporen el factor innovaci\u00f3 i el factor mar\u00edtim \u00e9s Coronita, amb el seu projecte Save the Beach que, implicat amb la conscienciaci\u00f3 de la degradaci\u00f3 de les platges europees, va crear el primer Hotel d&#8217;Escombraries del M\u00f3n, constru\u00eft amb les escombraries trobades en diferents platges d&#8217;Europa.<\/p>\n<p>L&#8217;hotel, en realitat, tenia com objectiu simbolitzar el futur de les nostres platges si no s&#8217;actua de manera responsable. Una genial experi\u00e8ncia, que a m\u00e9s de tenir un alt impacte medi\u00e0tic, va donar a con\u00e8ixer la tasca ecol\u00f2gica que l&#8217;empresa venia fent en els \u00faltims temps.<\/p>\n<p>L&#8217;artista alemany H.A. Schult es va encarregar del disseny de l&#8217;hotel, situat a Roma i que va obrir les portes el Dia Mundial del Medi Ambient i, que va acollir a clients que havien reservat les habitacions en l\u00ednia a canvi d&#8217;explicar les seves experi\u00e8ncies. A Madrid, l&#8217;hotel va obrir les seves portes coincidint amb la Fira Internacional de Turisme.<\/p>\n<h3><strong>Qu\u00e8 us semblen aquestes iniciatives? En coneixeu alguna altra que ens vulgueu explicar? Tens algun projecte similar entre mans? Explica&#8217;ns-el i ajuda&#8217;ns a propagar aquesta onada d&#8217;innovaci\u00f3!<\/strong> \ud83d\ude09<\/h3>\n","protected":false},"excerpt":{"rendered":"<p>El Port de Barcelona porta temps implicant-se en diferents iniciatives innovadores en l&#8217;\u00e0mbit mar\u00edtim, i per aix\u00f2 avui ens volem centrar en la capacitat innovadora d&#8217;aquest gran sector.<\/p>\n","protected":false},"author":16,"featured_media":47524,"comment_status":"open","ping_status":"open","sticky":false,"template":"","format":"standard","meta":{"_acf_changed":false,"footnotes":""},"categories":[208,232],"tags":[],"class_list":["post-43160","post","type-post","status-publish","format-standard","has-post-thumbnail","hentry","category-empreses-innovadores","category-projectes-innovadors"],"acf":[],"_links":{"self":[{"href":"https:\/\/sociedaddelainnovacion.es\/ca\/wp-json\/wp\/v2\/posts\/43160","targetHints":{"allow":["GET"]}}],"collection":[{"href":"https:\/\/sociedaddelainnovacion.es\/ca\/wp-json\/wp\/v2\/posts"}],"about":[{"href":"https:\/\/sociedaddelainnovacion.es\/ca\/wp-json\/wp\/v2\/types\/post"}],"author":[{"embeddable":true,"href":"https:\/\/sociedaddelainnovacion.es\/ca\/wp-json\/wp\/v2\/users\/16"}],"replies":[{"embeddable":true,"href":"https:\/\/sociedaddelainnovacion.es\/ca\/wp-json\/wp\/v2\/comments?post=43160"}],"version-history":[{"count":0,"href":"https:\/\/sociedaddelainnovacion.es\/ca\/wp-json\/wp\/v2\/posts\/43160\/revisions"}],"wp:featuredmedia":[{"embeddable":true,"href":"https:\/\/sociedaddelainnovacion.es\/ca\/wp-json\/wp\/v2\/media\/47524"}],"wp:attachment":[{"href":"https:\/\/sociedaddelainnovacion.es\/ca\/wp-json\/wp\/v2\/media?parent=43160"}],"wp:term":[{"taxonomy":"category","embeddable":true,"href":"https:\/\/sociedaddelainnovacion.es\/ca\/wp-json\/wp\/v2\/categories?post=43160"},{"taxonomy":"post_tag","embeddable":true,"href":"https:\/\/sociedaddelainnovacion.es\/ca\/wp-json\/wp\/v2\/tags?post=43160"}],"curies":[{"name":"wp","href":"https:\/\/api.w.org\/{rel}","templated":true}]}}