{"id":43164,"date":"2015-05-11T07:52:25","date_gmt":"2015-05-11T07:52:25","guid":{"rendered":"https:\/\/sociedaddelainnovacion.es\/per-que-hauries-de-convertir-te-en-intraemprenedor-explicat-per-intraemprenedors\/"},"modified":"2025-02-03T15:24:52","modified_gmt":"2025-02-03T15:24:52","slug":"per-que-hauries-de-convertir-te-en-intraemprenedor-explicat-per-intraemprenedors","status":"publish","type":"post","link":"https:\/\/sociedaddelainnovacion.es\/ca\/per-que-hauries-de-convertir-te-en-intraemprenedor-explicat-per-intraemprenedors\/","title":{"rendered":"Per qu\u00e8 hauries de convertir-te en intraemprenedor, explicat per intraemprenedors"},"content":{"rendered":"<p>Se n\u2019ha parlat molt sobre la figura i vida de l\u2019intraemprenedor, citant normalment grans casos d\u2019 \u00e8xit com el d\u2018<a href=\"https:\/\/en.wikipedia.org\/wiki\/Post-it_note\" rel=\"nofollow noopener\" target=\"_blank\">Arthur Fry<\/a> amb la creaci\u00f3 del <strong>post-it a 3M<\/strong>, o <a href=\"http:\/\/googlesystem.blogspot.com.es\/2007\/07\/paul-buchheit-man-behind-gmail.html\" rel=\"nofollow noopener\" target=\"_blank\">Paul Buccheit<\/a> i el llan\u00e7ament del <strong>Gmail<\/strong> <strong>de Google<\/strong>. \u00c9s de just\u00edcia tamb\u00e9 explicar casos de \u201cfrac\u00e0s\u201d com el de <a href=\"http:\/\/www.brw.com.au\/p\/tech-gadgets\/made_this_kodak_employee_invented_QnYp4iCrFXYwagdCRzszeP\" rel=\"nofollow noopener\" target=\"_blank\">Steven Sasson<\/a> a <strong>Kodak,<\/strong> l\u2019any 1975 camb la seva proposta de c\u00e0mera digital (entre cometes per l\u2019evident \u00e8xit de les c\u00e0meres digitals, que no evita que el seu projecte fracass\u00e9s inicialment a Kodak per la por de la companyia a canibalitzar el seu propi negoci). Recomano especialment aquests articles de 3 refer\u00e8ncies en quant a gesti\u00f3 de la innovaci\u00f3 es refereix i en particular en quant al rol dels intraemprenedors: <a href=\"http:\/\/javiermegias.com\/blog\/2012\/04\/innovar-a-traves-de-los-intraemprendedores\/\" rel=\"nofollow noopener\" target=\"_blank\">Javier Meg\u00edas<\/a>, <a href=\"http:\/\/thejazzmusician-xavier.blogspot.com.es\/2014\/07\/8-caracteristicas-para-identificar-un.html\" rel=\"nofollow noopener\" target=\"_blank\">Xavier Camps<\/a>, y <a href=\"http:\/\/innokabi.com\/quieres-innovar-en-tu-empresa-encuentra-a-tu-intraemprendedor\/\" rel=\"nofollow noopener\" target=\"_blank\">Alfonso Prim<\/a>.<\/p>\n<h4>Per\u00f2, per qu\u00e8 un treballador hauria de voler convertir-se en intraemprenedor?<\/h4>\n<p>L\u2019intraemprenedor \u00e9s un <a href=\"http:\/\/infoautonomos.eleconomista.es\/blog\/intraemprendedores-haz-crecer-tu-negocio-desde-dentro\/\" rel=\"nofollow noopener\" target=\"_blank\">perfil a l\u2019al\u00e7a<\/a>, que s\u2019est\u00e0 promovent i normalitzant cada vegada m\u00e9s dins de les organitzacions del nostre pa\u00eds, per la qual cosa que pot ser interessant per al lector, especialment si \u00e9s treballador d&#8217;una pime o gran empresa, saber qu\u00e8 implica convertir-se en intraemprenedor, i molt m\u00e9s si ens ho expliquen ells mateixos.<\/p>\n<p>Com \u00e9s la vida de l&#8217;intraemprenedor? En aquest post, parlem amb alguns dels intraemprenedors amb els que col\u00b7laborem, per entendre qu\u00e8 vol dir convertir-se en un, les dificultats amb que es troben, i sobretot quins beneficis obtenen.<\/p>\n<figure id=\"attachment_9030\" aria-describedby=\"caption-attachment-9030\" style=\"width: 590px\" class=\"wp-caption aligncenter\"><a href=\"https:\/\/sociedaddelainnovacion.es\/wp-content\/uploads\/2015\/11\/arthur-fry.jpg\"><img loading=\"lazy\" decoding=\"async\" class=\"wp-image-9030 size-full\" src=\"https:\/\/sociedaddelainnovacion.es\/wp-content\/uploads\/2015\/11\/arthur-fry.jpg\" alt=\"Arthur Fry, l'home que va inventar el Post-it\" width=\"590\" height=\"443\" \/><\/a><figcaption id=\"caption-attachment-9030\" class=\"wp-caption-text\">Arthur Fry, l&#8217;home que va inventar el Post-it<\/figcaption><\/figure>\n<p>Entenem a l&#8217;intraemprenedor com l&#8217;emprenedor corporatiu, \u00e9s a dir, <strong>el treballador que \u00e9s capa\u00e7 de generar, impulsar i desenvolupar noves idees, propostes i projectes que suposen noves oportunitats de negoci per a la companyia en la qual treballa.<\/strong> Es diferencia de l&#8217;emprenedor a l&#8217;\u00fas en qu\u00e8 \u00e9s un assalariat, i en qu\u00e8 els beneficis van destinats a l&#8217;organitzaci\u00f3 per la qual treballa.<\/p>\n<p>Algunes de les barreres (externes) a les quals far\u00e0 front tot intraemprenedor:<\/p>\n<ul>\n<li>Baixar les idees a pures millores incrementals.<\/li>\n<li>Pressupost de la companyia per desenvolupar les seves idees.<\/li>\n<li>Jerarquies.<\/li>\n<li>Processos interns i burocr\u00e0cia.<\/li>\n<li>Relaci\u00f3 amb els altres: \u00bfa qu\u00e8 est\u00e0s destinant el teu temps?<\/li>\n<\/ul>\n<p>A m\u00e9s, hem de tenir en compte tamb\u00e9 les fronteres mentals, els l\u00edmits propis que ens posem nosaltres mateixos, coses com:<\/p>\n<ul>\n<li>No s\u00f3c capa\u00e7.<\/li>\n<li>El proc\u00e9s \u00e9s llarg: no aguantar\u00e9 l&#8217;esfor\u00e7.<\/li>\n<li>No tinc temps per aix\u00f2.<\/li>\n<li>No tinc les habilitats necess\u00e0ries.<\/li>\n<li>Ning\u00fa em donar\u00e0 suport.<\/li>\n<\/ul>\n<p>Per\u00f2 anem a escoltar als intraemprenedors. Els hem plantejat algunes preguntes (ens vam comprometre a mantenir-ne l&#8217;anonimat perqu\u00e8 poguessin sentir-se m\u00e9s lliures d&#8217;explicar la seva experi\u00e8ncia de forma m\u00e9s natural) per seguir aprofundint en qu\u00e8 significa convertir-se en un intraemprenedor. Aqu\u00ed van les nostres preguntes i les seves respostes:<\/p>\n<h4>Qu\u00e8 s&#8217;apr\u00e8n sent un intraemprenedor?<\/h4>\n<p><span style=\"color: #800080;\"><strong>Intraemprenedor 1<\/strong><\/span><span style=\"color: #800080;\">:<\/span> <em>En primer lloc , com a intraemprenedor he apr\u00e8s justament a innovar, \u00e9s a dir,\u00a0partint d\u2019una idea de l\u2019abstracci\u00f3 mental seguir tota una seria de passos\/tallers que desconeixia per arribar a elaborar \u00a0un projecte amb cara i ulls, que pugui ser expressat verbalment amb facilitat i per tant comunicat als altres i d\u2019aquesta manera fer-lo realitat.<\/em><\/p>\n<p><span style=\"color: #800080;\"><strong>Intraemprenedor 2<\/strong>:<\/span> <em>Fins ara creia que les idees havien de venir soles, o ets creatiu o no ho ets. Tot i que la creativitat \u00e9s una qualitat b\u00e0sica en aquests processos si un dia no est\u00e0s &#8220;inspirat&#8221; mitjan\u00e7ant t\u00e8cniques com els tallers de creativitat pots fer fluir idees. Tamb\u00e9 he apr\u00e9s a <strong>ordenar els processos<\/strong>, tot i que em considero una persona creativa em falta ordre i en aquests proc\u00e9s he apr\u00e8s a ordenar els conceptes, les idees, i <strong>organitzar el proc\u00e9s de creaci\u00f3 de les meves idees<\/strong>.<\/em><\/p>\n<p><span style=\"color: #800080;\"><strong>Intraemprenedor 3:<\/strong><\/span> Resumint-ho molt, el qu\u00e8 he apr\u00e8s \u00e9s <em>una <strong>metodologia per transformar una idea en un projecte<\/strong>.<\/em><\/p>\n<h4>Quines s\u00f3n les dificultats amb qu\u00e8 s&#8217;enfronta un intraemprenedor?<\/h4>\n<p><span style=\"color: #800080;\"><strong>Intraemprenedor 1:<\/strong><\/span> <em>Dificultats Internes cap. La iniciativa de l\u2019empresa, les facilitats i ajuda en la confecci\u00f3, ha estat completa tant per part de l\u2019organitzaci\u00f3 com per part d\u2019Induct.<\/em><\/p>\n<p><em>Dificultats externes serien :<strong>trobar informaci\u00f3 de la compet\u00e8ncia quan quelcom \u00e9s nou i el fet de ser una persona sola en la confecci\u00f3 del projecte pot minvar les forces<\/strong>.<\/em><\/p>\n<p><span style=\"color: #800080;\"><strong>Intraemprenedor 2:<\/strong><\/span> <em>Les meves idees les tenia molt clares des del principi. Les dificultats que he trobat han sigut m\u00e9s internes de la pr\u00f2pia empresa, el <strong>con\u00e8ixer l&#8217;empresa i com funciona m&#8217;ha limitat molt a l&#8217;hora de desenvolupar-la<\/strong> i de presentar el prototip, tamb\u00e9 crec que les pol\u00edtiques de les empresa a nivell d\u2019innovaci\u00f3 s\u00f3n limitades i tancades, llavors aix\u00f2 m&#8217;ha condicionat a desenvolupar un \u00a0prototip de web que era la idea inicial fins a fer un powerpoint. En resum jo presento una idea i que l&#8217;empresa l&#8217;agafi com vulgui.<\/em><\/p>\n<p><span style=\"color: #800080;\"><strong>Intraemprenedor 3:<\/strong><\/span> <em>En el meu cas, el repte mes feixuc i alhora m\u00e9s engrescador ha estat <strong>el proc\u00e9s de &#8220;sintetitzar&#8221;<\/strong>; passar de tota la informaci\u00f3 i detall que ja sabeu que tenia al cap pel &#8220;Barcelona Venues&#8221; a <strong>extreure els missatges essencials del projecte<\/strong>.<\/em><\/p>\n<h4>Quins beneficis s&#8217;aconsegueixen sent un intraemprenedor?<\/h4>\n<p><span style=\"color: #800080;\"><strong>Intraemprenedor 1:<\/strong><\/span> <em>El primer benefici ha estat de <strong>creixement personal i professional<\/strong>. He conegut la manera com es pot passar d\u2019idea a projecte i, que amb la ajuda correcta, tothom pot ser capa\u00e7 d\u2019innovar.<\/em><\/p>\n<p><span style=\"color: #800080;\"><strong>Intraemprenedor 2:<\/strong><\/span> <em>Els beneficis s\u00f3n a nivell personal i laboral. Pot <strong>millorar el meu rol dins de l&#8217;empresa<\/strong>, per\u00f2 l&#8217;he trobat <strong>molt \u00fatil si en un futur volgu\u00e9s emprendre qualsevol projecte<\/strong>. <strong>De fet tinc un parell de projectes que no s\u00e9 si els dur\u00e9 a terme per\u00f2 all\u00e0 estan<\/strong>&#8230;\u00a0;).<\/em><\/p>\n<p><span style=\"color: #800080;\"><strong>Intraemprenedor 3:<\/strong><\/span> <em>De fet, ha estat precisament gr\u00e0cies al programa intern d\u2019innovaci\u00f3 i a l&#8217;equip impulsor que he presentat formalment el meu projecte.<\/em><\/p>\n<p>Aquesta \u00e9s una idea que ja feia temps havia comentat en el si de l&#8217;empresa i que havia quedat aturada sense data per fer-hi res.<br \/>\n<em><br \/>\nAix\u00ed que gr\u00e0cies per posar a disposici\u00f3 de TOTHOM, <strong>una opci\u00f3 per fer viable una idea, una eina per comunicar i un espai lliure de jerarquies on compartir amb comoditat<\/strong>.<\/em><\/p>\n<h4>Quins beneficis proporcionen a les organitzacions per a les quals empreneu?<\/h4>\n<p><span style=\"color: #800080;\"><strong>Intraemprenedor 1:<\/strong><\/span> <em>El conjunt de l\u2019organitzaci\u00f3 mostra que creu amb els treballadors i els fa part\u00edcips de la l\u00ednia de la empresa.<\/em><\/p>\n<p><span style=\"color: #800080;\"><strong>Intraemprenedor 2:<\/strong><\/span><em> Evidentment al conjunt de l&#8217;organitzaci\u00f3 li aporta principalment <strong>millorar l&#8217;empresa, augmentar ingressos identificant noves oportunitats de negoci, per\u00f2 tamb\u00e9, i aix\u00f2 \u00e9s molt important, que el personal tingui m\u00e9s esperit corporatiu<\/strong>.<\/em><\/p>\n<h4><img loading=\"lazy\" decoding=\"async\" class=\"aligncenter wp-image-40135 size-medium\" src=\"https:\/\/sociedaddelainnovacion.es\/wp-content\/uploads\/2015\/11\/DSC03919-768x456.jpg\" alt=\"\" width=\"768\" height=\"456\" \/><\/h4>\n<h4>Qu\u00e8 es necessita perqu\u00e8 m\u00e9s persones es converteixin en intraemprenedors?<\/h4>\n<p><span style=\"color: #800080;\"><strong>Intraemprenedor 1:<\/strong><\/span> <em>Fer <strong>taules de debat<\/strong> sobre tem\u00e0tiques del dia a dia o explicar el repte de manera molt concreta, \u00a0on puguin apar\u00e8ixer inquietuds sobre el repte escollit, <strong>fer entendre que els reptes afecten a tots<\/strong> \u00a0i d\u2019aquesta manera fer \u00a0que altres persones s\u2019animin a fer un grupet per treballar una idea donant les mateixes facilitats i suport que fins ara s\u2019ha donat.<\/em><\/p>\n<p><span style=\"color: #800080;\"><strong>Intraemprenedor 2:<\/strong><\/span> <strong><em>Motivar al personal<\/em><\/strong><em>, <strong>que es vegi que els emprenedors s\u00f3n valorats \u00a0i recompensats a l&#8217;empresa<\/strong>, l&#8217;empresa ha d&#8217;estar m\u00e9s oberta al canvi.<\/em><\/p>\n<p><span style=\"color: #800080;\"><strong>Intraemprenedor 3:<\/strong><\/span> <em>Crec que m\u00e9s aviat l&#8217;esperit emprenedor ve de mena i est\u00e0 lligat amb les aptituds i actituds de cada persona.<\/em><\/p>\n<p><em>No sabria dir-vos qu\u00e8 s&#8217;ha de fer perqu\u00e8 m\u00e9s persones s&#8217;engresquin&#8230; una idea gen\u00e8rica que funciona en tots el \u00e0mbits \u00e9s trobar per cadasc\u00fa all\u00f2 que el motiva, el que obligaria a fer un &#8220;vestit a mida&#8221; per cada persona.<\/em><\/p>\n<p><em>Un altra via podria ser <strong>anar fent cam\u00ed fins que la iniciativa interna d\u2019innovaci\u00f3 assolis una maduresa<\/strong>. Llavors la mateixa posici\u00f3\/prestigi\/influ\u00e8ncia\/etc. dins l&#8217;empresa, podria funcionar com a incentiu perqu\u00e8 la gran majoria se sentis abocat a ser-hi i participar activament, independentment del grau de motivaci\u00f3 o emprenedoria que tinguin.<\/em><\/p>\n<h4>Com resumiries el proc\u00e9s d&#8217;intraemprenedoria que has viscut?<\/h4>\n<p><span style=\"color: #800080;\"><strong>Intraemprenedor 1:<\/strong><\/span> <strong>Superaci\u00f3 d\u2019 obstacles<\/strong>: <em>Una idea \u00e9s una corda plena de nusos que poc a poc has d\u2019anar desfent amb ajuda, guiatge professional i entusiasme per arribar a un projecte s\u00f2lid que puguis explicar i ser valorat.<\/em><\/p>\n<p><strong><span style=\"color: #800080;\">Intraemprenedor 2:<\/span> <em>Interesant, enriquidor&#8230; ara veig innovaci\u00f3 per tot arreu!<\/em><\/strong><\/p>\n<p><span style=\"color: #800080;\"><strong>Intraemprenedor 3:<\/strong><\/span> <em>Gaudir de <strong>fer un nou cam\u00ed, en el mateix cam\u00ed de sempre<\/strong>.<br \/>\nSempre tinc idees al cap que volten, \u00e9s el meu dia a dia, el cam\u00ed de sempre, per\u00f2 poder dedicar-hi temps i tecnologia a una d&#8217;elles ha estat una experi\u00e8ncia nova.<\/em><\/p>\n<p>El que ha estat m\u00e9s especial per a mi, ha estat poder fer-ho amb el suport d&#8217;un grup de persones expertes, i en equip amb altres companys.<\/p>\n<p>El compartir-ho m\u2019ha enriquit molt m\u00e9s!<\/p>\n<h4>Conclusi\u00f3:<\/h4>\n<p>Per una vegada, no anem a finalitzar el post amb una conclusi\u00f3 a manera de resum. Empleat, treballador de qualsevol organitzaci\u00f3 p\u00fablica o privada, valora si val la pena participar en processos d&#8217;innovaci\u00f3 corporatius amb el rol d\u2019intraemprenedor, o si prefereixes no fer-ho.<\/p>\n<p>Igual que les organitzacions, les persones tamb\u00e9 necessitem adaptar-nos, fins i tot crear el canvi, que d&#8217;altra banda ser\u00e0 inevitable.<\/p>\n<h3><strong>T&#8217;animes a convertir-te en intraemprenedor?<\/strong><\/h3>\n<p>&nbsp;<\/p>\n","protected":false},"excerpt":{"rendered":"<p>Com \u00e9s la vida de l&#8217;intraemprenedor? En aquest post, parlem amb alguns dels intraemprenedors amb els que col\u00b7laborem, per entendre qu\u00e8 vol dir convertir-se en un, les dificultats amb que es troben, i sobretot quins beneficis obtenen.<\/p>\n","protected":false},"author":70,"featured_media":0,"comment_status":"open","ping_status":"open","sticky":false,"template":"","format":"standard","meta":{"_acf_changed":false,"footnotes":""},"categories":[1005,292],"tags":[],"class_list":["post-43164","post","type-post","status-publish","format-standard","hentry","category-entrevistes","category-innovadors"],"acf":[],"_links":{"self":[{"href":"https:\/\/sociedaddelainnovacion.es\/ca\/wp-json\/wp\/v2\/posts\/43164","targetHints":{"allow":["GET"]}}],"collection":[{"href":"https:\/\/sociedaddelainnovacion.es\/ca\/wp-json\/wp\/v2\/posts"}],"about":[{"href":"https:\/\/sociedaddelainnovacion.es\/ca\/wp-json\/wp\/v2\/types\/post"}],"author":[{"embeddable":true,"href":"https:\/\/sociedaddelainnovacion.es\/ca\/wp-json\/wp\/v2\/users\/70"}],"replies":[{"embeddable":true,"href":"https:\/\/sociedaddelainnovacion.es\/ca\/wp-json\/wp\/v2\/comments?post=43164"}],"version-history":[{"count":0,"href":"https:\/\/sociedaddelainnovacion.es\/ca\/wp-json\/wp\/v2\/posts\/43164\/revisions"}],"wp:attachment":[{"href":"https:\/\/sociedaddelainnovacion.es\/ca\/wp-json\/wp\/v2\/media?parent=43164"}],"wp:term":[{"taxonomy":"category","embeddable":true,"href":"https:\/\/sociedaddelainnovacion.es\/ca\/wp-json\/wp\/v2\/categories?post=43164"},{"taxonomy":"post_tag","embeddable":true,"href":"https:\/\/sociedaddelainnovacion.es\/ca\/wp-json\/wp\/v2\/tags?post=43164"}],"curies":[{"name":"wp","href":"https:\/\/api.w.org\/{rel}","templated":true}]}}