{"id":43223,"date":"2018-06-01T11:58:17","date_gmt":"2018-06-01T11:58:17","guid":{"rendered":"https:\/\/sociedaddelainnovacion.es\/startups-i-empreses-fundades-per-dones-7-exemples-que-ens-inspiren\/"},"modified":"2025-02-09T20:49:38","modified_gmt":"2025-02-09T20:49:38","slug":"startups-i-empreses-fundades-per-dones-7-exemples-que-ens-inspiren","status":"publish","type":"post","link":"https:\/\/sociedaddelainnovacion.es\/ca\/startups-i-empreses-fundades-per-dones-7-exemples-que-ens-inspiren\/","title":{"rendered":"Startups i empreses fundades per dones. 7 exemples que ens inspiren"},"content":{"rendered":"<p>Quan els meus pares van comen\u00e7ar el seu projecte empresarial als anys 80, la paraula emprenedor gaireb\u00e9 no &#8220;existia&#8221;. Els tipus d&#8217;inter\u00e8s que aplicaven els bancs als cr\u00e8dits superaven el 15%, l&#8217;entorn agr\u00edcola poc familiaritzat amb la iniciativa privada, i la pressi\u00f3 social per crear una fam\u00edlia tampoc facilitaven les coses. Llavors, ni existien les acceleradores, ni el <em>crowdfunding<\/em>, ni les rondes d&#8217;inversi\u00f3.<\/p>\n<p>Encara que ens trobem en un altre context, les dones segueixen tenint obstacles i reptes tan importants com llavors per emprendre els seus projectes. En el m\u00f3n de les noves tecnologies, tot i l&#8217;aparent modernitat que l&#8217;envolta des de la perspectiva d&#8217;igualtat, un percentatge molt baix de dones est\u00e0 al capdavant de <em>startups<\/em> o en els seus equips fundadors. A Espanya, alguns estudis apunten que aquesta xifra amb prou feines arriba al 20%, segons assenyalen a <a href=\"http:\/\/www.elplural.com\/2015\/08\/05\/las-startups-creadas-por-mujeres-obtienen-mejores-resultados-frente-a-la-competencia\/\" rel=\"nofollow noopener\" target=\"_blank\">El Plural<\/a>.<\/p>\n<p>Tamb\u00e9 segons dades del &#8216;Mapa de l&#8217;emprenedoria South Summit&#8217;15&#8217;, presentat per Spain Startup, el percentatge de dones emprenedores a Espanya \u00e9s del 17%. El percentatge del Pa\u00eds Basc \u00e9s la major de l&#8217;estat espanyol amb un 26%. La segueixen la Comunitat de Madrid amb un 20% i Gal\u00edcia amb un 18%.<\/p>\n<p>Tot i aix\u00ed, cada vegada \u00e9s m\u00e9s gran el nombre de dones que volen crear el seu propi negoci. Segons alguns estudis, el 80% de la poblaci\u00f3 ocupada, tant masculina com femenina, li agradaria crear un projecte emprenedor. El suport que rep de la seva parella la persona que empr\u00e8n algun projecte \u00e9s fonamental perqu\u00e8 l&#8217;empresa pugui seguir endavant. En altres pa\u00efsos, com als EUA, comenten algunes emprenedores que est\u00e0 m\u00e9s desenvolupat el suport de la parella en tasques quotidianes com ajuda en la comptabilitat, la recerca de clients, la gesti\u00f3 amb prove\u00efdors, etc.<\/p>\n<p>Som conscients que anem tard per sumar-nos a les reivindicacions del Dia de la Dona Treballadora, per\u00f2 pensem que sempre va b\u00e9 repassar i valoritzar a les emprenedores i els seus projectes. En aquest article pretenc donar visibilitat a 7 emprenedores que amb els seus projectes i reflexions, en diferents sectors i \u00e0mbits socials, ens inspiren i ens motiven a aconseguir molt m\u00e9s del que pensem.<\/p>\n<h4>Moda<\/h4>\n<p>Ruth Abuin Landabaso i Carmela Blanc Garc\u00eda s\u00f3n les fundadores de <a href=\"http:\/\/www.vestidoscookie.es\/\" rel=\"nofollow noopener\" target=\"_blank\">Cookie &amp; Chic<\/a>. Comenten que: &#8216;Vam comen\u00e7ar el nostre cam\u00ed a mitjans de 2014 amb una activitat artesana que va evolucionar i derivar en el que realment fem ara&#8217;. A Cookie &amp; Chic venen una <strong>experi\u00e8ncia creativa infantil<\/strong>. Es tracta d&#8217;un vestit divertit, amb peces de \u201cposar i treure\u201d, inspirat en les passarel\u00b7les internacionals.<\/p>\n<p>&#8220;A part dels vestits, la imatge de marca \u00e9s la que ens est\u00e0 permetent idear nous productes, molt comercials, per poder arribar a un mercat m\u00e9s ampli, no centrant-nos nom\u00e9s en l&#8217;infantil. A m\u00e9s, a la nostra web, tenim un magazine que parla de tend\u00e8ncies, alta costura, viatges; en una paraula, moda. Els articles s\u00f3n escrits per les nostres Cookie &amp; Chic. Cadascuna d&#8217;elles desenvolupa un paper dins de la revista: s\u00f3n periodistes, bloggers, dissenyadores, fot\u00f2grafes&#8230; tenen vida pr\u00f2pia en el m\u00f3n online.&#8221;<\/p>\n<p>En els seus inicis hi ha un punt de valentia i atreviment per\u00f2 tamb\u00e9 hi ha sentit com\u00fa. &#8220;Els comen\u00e7aments s\u00f3n sempre esperan\u00e7adors. <strong>Sense il\u00b7lusi\u00f3 \u00e9s impossible<\/strong> comen\u00e7ar cap projecte de vida. Una caracter\u00edstica que mantenim avui dia perqu\u00e8, com sempre diem, encara estem comen\u00e7ant. L&#8217;adaptaci\u00f3 cont\u00ednua al mercat no permet relaxar-se. Encara que ambdues procedim del m\u00f3n de l&#8217;empresa i ens vam con\u00e8ixer impartint formaci\u00f3 en una escola de negocis, va ser al voltant d&#8217;un caf\u00e8 quan vam comen\u00e7ar a parlar del que realment ens apassionava fer. A partir d&#8217;aquest moment, els interessos de les dues van comen\u00e7ar a prendre un cam\u00ed com\u00fa. La Carmela t\u00e9 un talent especial per crear figures amb les mans i a mi m&#8217;agrada l&#8217;art que representa l&#8217;Alta Costura.&#8221;<\/p>\n<p>Tot emprenedor al principi necessita comptar amb suports externs, no nom\u00e9s econ\u00f2mics, que la majoria de les vegades solen procedir de fons propis i de familiars. En el cas de Cookie &amp; Chic, &#8220;Nosaltres vam desenvolupar el pla de negoci en totes les seves fases. Pel que fa al pla financer, vam comen\u00e7ar amb recursos propis, tant nostres com de familiars i fins i tot amics que ens van regalar coneixement. B\u00e9, \u00e9s cert que ens vam presentar a diversos concursos nacionals en els quals vam arribar a ser finalistes, com Elle Talen Project i Apr\u00e8n a finan\u00e7ar-te de les Cambres de Comer\u00e7, el que no ens va aportar finalment cap recurs econ\u00f2mic, per\u00f2 s\u00ed for\u00e7a per assolir el nostre objectiu.&#8221;<\/p>\n<figure id=\"attachment_9779\" aria-describedby=\"caption-attachment-9779\" style=\"width: 750px\" class=\"wp-caption aligncenter\"><a href=\"https:\/\/sociedaddelainnovacion.es\/wp-content\/uploads\/2016\/03\/cokkie-and-chic.jpg\"><img loading=\"lazy\" decoding=\"async\" class=\"wp-image-9779 size-full\" src=\"https:\/\/sociedaddelainnovacion.es\/wp-content\/uploads\/2016\/03\/cokkie-and-chic.jpg\" alt=\"Mostra de vestits de la firma Cookie and Chic\" width=\"750\" height=\"450\" \/><\/a><figcaption id=\"caption-attachment-9779\" class=\"wp-caption-text\">Mostra de vestits de la firma Cookie and Chic<\/figcaption><\/figure>\n<h4>Llar<\/h4>\n<p>Empar Fayos \u00e9s la fundadora i CEO de <a href=\"https:\/\/www.viscoform.es\/\" rel=\"nofollow noopener\" target=\"_blank\">Viscoform<\/a>. Viscoform \u00e9s una firma de matalassos viscoel\u00e0stics ergon\u00f2mics creada amb el lema &#8220;dissenyem el teu descans&#8221;. En l&#8217;actualitat, per Empar Fayos el seu projecte principal \u00e9s Viscoform per\u00f2 no \u00e9s l&#8217;\u00fanic en qu\u00e8 est\u00e0 involucrada en aquests moments.<\/p>\n<p>Com comenta l\u2019Empar: &#8220;<strong>Ser emprenedor \u00e9s molt dur<\/strong>, molt m\u00e9s en un entorn rural on visc i treballo. Aix\u00f2 em va portar a fundar l\u2019AER (Associaci\u00f3 d&#8217;Emprenedors Rurals), per connectar emprenedors, impulsar col\u00b7laboracions i sinergies entre nosaltres, la solitud de l&#8217;emprenedor en aquests entorns mata m\u00e9s del 75% dels projectes&#8221;. L&#8217;AER neix amb la vocaci\u00f3 de promoure i difondre la cultura emprenedora en zones rurals, impulsar i promoure l&#8217;emprenedoria com a motor econ\u00f2mic i social de pobles o zones eminentment rurals, fomentant un creixement eco-sostenible, afavorint el contacte entre emprenedors mitjan\u00e7ant el <em>networking<\/em>, l&#8217;intercanvi d&#8217;idees i la col\u00b7laboraci\u00f3 m\u00fatua per al desenvolupament dels respectius projectes.<\/p>\n<p>&#8220;Treballem en coworkings, normalment en espais cedits per ajuntaments, des d&#8217;all\u00e0 vam intentar ser el suport d&#8217;idees innovadores, creatives i imaginatives, capaces de generar m\u00e9s expectatives de futur en els entorns rurals m\u00e9s desfavorits, d&#8217;aquesta manera generarem sinergies que garanteixin la nostra sostenibilitat i redueixin la despoblaci\u00f3 que venim patint any rere any&#8221;.<\/p>\n<p>Per Empar no existeixen grans difer\u00e8ncies entre emprendre per part d&#8217;una dona o d&#8217;un home. &#8220;El meu consell com a dona i emprenedora seria el mateix que si fos home i emprenedor, no hi ha difer\u00e8ncies, les limitacions, les barreres i les normes cal saltar-se a la torera, per emprendre tot aix\u00f2 sobra: Innovar \u00e9s pensar diferent, per emprendre com a dona has de ser fidel a tu mateixa, no et posis l\u00edmits, camina amb pas ferm i sense presses, posa&#8217;t fites curtes per\u00f2 tingues present quin \u00e9s el teu objectiu, la teva meta i no paris fins aconseguir-ho, no et rendeixis. Un pas m\u00e9s pot ser la difer\u00e8ncia entre el frac\u00e0s i l&#8217;\u00e8xit, tamb\u00e9 recorda que un bon equip ajuda molt, la solitud per a l&#8217;emprenedor no \u00e9s bona companyia&#8221;.<\/p>\n<p><iframe loading=\"lazy\" src=\"https:\/\/www.youtube.com\/embed\/i0UAtgljzh0\" width=\"560\" height=\"315\" frameborder=\"0\" allowfullscreen=\"allowfullscreen\"><\/iframe><\/p>\n<h4>Cosm\u00e8tica<\/h4>\n<p>La necessitat de cuidar-se de manera natural i saludable, va ser una de les causes que fa tres anys van impulsar a Laura Muga a crear una l\u00ednia de bellesa ecol\u00f2gica a partir del ra\u00efm. Criada entre les vinyes de la Rioja, la Laura sempre ha estat en contacte amb la terra, les vinyes, i l&#8217;olor del vi. Aix\u00ed ens ho transm\u00e8s: &#8220;Des de molt nena he tingut la cultura del vi molt arrelada en la meva vida. Els meus pares han estat viticultors i es pot dir que ha format part de la meva inf\u00e0ncia. He crescut envoltada de vinyes, he compartit els treballs de la terra, tasques t\u00edpiques d&#8217;aquesta zona vitivin\u00edcola: verema, poda, trasbalsos&#8230; i sempre he tingut inter\u00e8s especial per tot all\u00f2 relacionat amb el vi. <a href=\"http:\/\/www.uvasfrescas.com\/\" rel=\"nofollow noopener\" target=\"_blank\">Uvas Frescas<\/a> ha estat un projecte molt meditat, per\u00f2 en el que he cregut des del principi. El cam\u00ed que he recorregut m&#8217;ha exigit molt esfor\u00e7 per\u00f2 alhora ha estat il\u00b7lusionant&#8221;.<\/p>\n<p>El secret de la col\u00b7lecci\u00f3 Uvas Frescas est\u00e0 en l&#8217;oli de llavor de ra\u00efm i els polifenols (Resveratrol) que t\u00e9 unes propietats molt favorables per a la cura de la pell. Presenta una elevada concentraci\u00f3 d&#8217;\u00e0cids grassos i de vitamina E i C. Cap dels productes ha estat testats amb animals, ni utilitzen derivats del petroli, ni perfums de s\u00edntesi, silicones o subst\u00e0ncies qu\u00edmiques nocives per a les persones o l&#8217;entorn. La Laura \u00e9s una persona vital, treballadora i molt positiva. Ella mateixa ens ho resumeix aix\u00ed: &#8220;Busco envoltar-me de not\u00edcies bones, d&#8217;informaci\u00f3 i <strong>persones positives<\/strong>, de productes naturals i bonics&#8230; aquesta \u00e9s la meva ess\u00e8ncia i espero que la de la meva col\u00b7lecci\u00f3&#8221;.<\/p>\n<figure id=\"attachment_9780\" aria-describedby=\"caption-attachment-9780\" style=\"width: 1300px\" class=\"wp-caption aligncenter\"><a href=\"https:\/\/sociedaddelainnovacion.es\/wp-content\/uploads\/2016\/03\/imagen-web-uvasfrescas.jpg\"><img loading=\"lazy\" decoding=\"async\" class=\"wp-image-9780 size-full\" src=\"https:\/\/sociedaddelainnovacion.es\/wp-content\/uploads\/2016\/03\/imagen-web-uvasfrescas.jpg\" alt=\"Imatge de la web de Uvas Frescas\" width=\"1300\" height=\"560\" \/><\/a><figcaption id=\"caption-attachment-9780\" class=\"wp-caption-text\">Imatge de la web de Uvas Frescas<\/figcaption><\/figure>\n<h4>Agricultura<\/h4>\n<p>Mar\u00eda \u00c1ngeles Chavarr\u00ed va fundar <a href=\"http:\/\/www.tomatesconsabor.com\/\" rel=\"nofollow noopener\" target=\"_blank\">Ebronature<\/a> amb el seu marit el 2003. Fan dos productes, el tom\u00e0quet i l\u2019esp\u00e0rrec. Ebronature \u00e9s una empresa familiar de Navarra situada a la vega del Rio Ebre. El cultiu hidrop\u00f2nic que Ebronature utilitza i que porta perfeccionant durant anys, fa cr\u00e9ixer la concentraci\u00f3 de vitamina A en el fruit i facilita el control de les plantes, en definitiva augmenta la qualitat del tom\u00e0quet.<\/p>\n<p>Abans de llan\u00e7ar-se a emprendre, Mar\u00eda \u00c1ngeles va estar treballant en una assessoria durant 17 anys. Com ens comenta: &#8220;Jo vaig estudiar Assistent de Direcci\u00f3 a la Universitat de Navarra. Vam llan\u00e7ar Ebronature el 2003 al costat del meu marit, que havia vist a Holanda la tecnologia hidrop\u00f2nica abans de muntar un hivernacle. Vam comen\u00e7ar de zero i vam fer una inversi\u00f3 bastant gran fa uns 8 anys. Per emprendre \u00e9s complex si no tens suport i est\u00e0s sol&#8221;.<\/p>\n<p>A l&#8217;empresa els fundadors tenen ben definits els rols i funcions de cadasc\u00fa. La Mar\u00eda \u00c1ngeles assegura: &#8220;Jo domino el tema comercial, el tema de vendes, el m\u00e0rqueting i la gesti\u00f3. \u00c9s un complement de suport al meu marit. L&#8217;agricultura hidrop\u00f2nica t\u00e9 molta tecnologia. La innovaci\u00f3 es realitza a poc a poc. Quan veus que el mercat et demana un tipus de producte et llances en aquest mercat. Una de les innovacions d\u2019Ebronature est\u00e0 treta de la naturalesa. Les flors del nostre cultiu s\u00f3n pol\u00b7linitzades de manera natural mitjan\u00e7ant l&#8217;\u00fas de borinots. D&#8217;aquesta manera, es fomenta el respecte mediambiental minimitzant l&#8217;\u00fas de fitosanitaris &#8220;. Aix\u00ed mateix, utilitzen productes a base d&#8217;extractes ecol\u00f2gics i amb fauna auxiliar (macrolofus) per combatre les plagues a les seves instal\u00b7lacions.<\/p>\n<p>Per la Mar\u00eda \u00c1ngeles el m\u00e9s dif\u00edcil ha estat crear una xarxa comercial. &#8220;Nosaltres controlem tot el proc\u00e9s, des del cultiu a la venda. Fem tot el cicle complet. Fer una xarxa comercial al principi des de zero va costar molt. Moltes vegades <strong>emprens per necessitat<\/strong>, tens 3 fills, treballes fora i est\u00e0s fitxant tots els dies. Al final dius jo trio l\u2019autoocupaci\u00f3 i em busco la vida. Es treballa m\u00e9s quan emprens per\u00f2 d&#8217;una altra manera&#8221;.<\/p>\n<h4>Restauraci\u00f3<\/h4>\n<p>Rosa Maria Esteva, cofundadora de <a href=\"http:\/\/www.grupotragaluz.com\" target=\"_blank\" rel=\"noopener noreferrer nofollow\">Grup Tragaluz<\/a> juntament amb el seu fill Tom\u00e1s Tarruella, va comen\u00e7ar el seu cam\u00ed professional el 1986, amb el seu propi negoci de restauraci\u00f3 a Barcelona. En aquell moment, es trobava recentment separada del seu marit i sense curr\u00edculum pr\u00f2piament dit -fins llavors s&#8217;havia dedicat plenament a la fam\u00edlia, als seus pares, al seu marit i als seus fills-, va obrir el restaurant Mordisco al costat del seu fill. Aquest restaurant senzill, agradable i acollidor va ser, per\u00f2, \u00fanic en la seva esp\u00e8cie a Barcelona: un punt de trobada on con\u00e8ixer gent en un ambient molt cuidat i amb un men\u00fa exquisit. Sense m\u00e9s ambici\u00f3 de lluitar per un nou projecte de vida tirant endavant el seu restaurant, aix\u00ed \u00e9s com Rosa Maria Esteva va comen\u00e7ar a convertir-se en una empres\u00e0ria d&#8217;\u00e8xit.<\/p>\n<p>Guiada per la seva intu\u00efci\u00f3 i la seva <strong>creativitat<\/strong>, i basant les seves decisions en la coher\u00e8ncia, Rosa Maria va seguir la seva aventura i van venir altres projectes com el Tragaluz, un restaurant d&#8217;alta qualitat per\u00f2 d&#8217;ambient m\u00e9s informal que els que ja existien a principis dels 90 a la ciutat. L&#8217;\u00e8xit del Mordisco es va repetir i va esdevenir un lloc de refer\u00e8ncia per al moviment cultural barcelon\u00ed. Des de llavors, el Grup no ha deixat de cr\u00e9ixer.<\/p>\n<p>Des dels seus inicis, la dedicaci\u00f3 al seu treball ha estat part fonamental de la seva vida i ha anat profundament lligada als seus reptes i experi\u00e8ncies dels darrers 25 anys, per\u00edode en el qual ha aconseguit formar un grup de restauraci\u00f3 que, amb 18 restaurants i un hotel, d\u00f3na feina a m\u00e9s de 800 persones. El fort car\u00e0cter de la Rosa Maria ha marcat l&#8217;evoluci\u00f3 del Grup Tragaluz, es tracta d&#8217;una dona lluitadora i perfeccionista, fuig de t\u00f2pics i es basa en la imaginaci\u00f3 i la il\u00b7lusi\u00f3 per despr\u00e9s traslladar a la realitat les seves idees. Rosa Maria Esteva va rebre el <a href=\"http:\/\/www.equiposytalento.com\/noticias\/2009\/02\/05\/carmen-mur-rosa-esteva-y-nuria-vilanova-reciben-el-premio-iwec-2009\" rel=\"nofollow noopener\" target=\"_blank\">guard\u00f3 IWEC 2009<\/a>, que atorguen conjuntament les Cambres de Comer\u00e7 de Barcelona, \u200b\u200bNova York i l&#8217;\u00cdndia. Amb aquest premi es reconeix a dones empres\u00e0ries que han contribu\u00eft a la consolidaci\u00f3 d&#8217;un mercat global.<\/p>\n<figure id=\"attachment_9781\" aria-describedby=\"caption-attachment-9781\" style=\"width: 1000px\" class=\"wp-caption aligncenter\"><a href=\"https:\/\/sociedaddelainnovacion.es\/wp-content\/uploads\/2016\/03\/trabaluz.jpg\"><img loading=\"lazy\" decoding=\"async\" class=\"wp-image-9781 size-full\" src=\"https:\/\/sociedaddelainnovacion.es\/wp-content\/uploads\/2016\/03\/trabaluz.jpg\" alt=\"Imatge del restaurant Mordisco, del Grupo Tragaluz\" width=\"1000\" height=\"666\" \/><\/a><figcaption id=\"caption-attachment-9781\" class=\"wp-caption-text\">Imatge del restaurant Mordisco, del Grupo Tragaluz<\/figcaption><\/figure>\n<h4>Immobili\u00e0ria<\/h4>\n<p>Joana Aranda \u00e9s la fundadora de <a href=\"http:\/\/www.casasapunto.com\/\" rel=\"nofollow noopener\" target=\"_blank\"><em>Casas a punto<\/em><\/a>. \u00e9s el primer manual de <em>home staging<\/em> (decorar per vendre) a Espanya. La Joana es va fixar en que el 2011 el sector immobiliari havia canviat, que hi havia molts habitatges sense vendre. &#8220;Tornava al m\u00f3n immobiliari el 2011, despr\u00e9s d&#8217;una aturada maternal de quatre anys. El vaig deixar el 2007 i tan sols quatre anys despr\u00e9s tot havia canviat. El 2007 les immobili\u00e0ries s&#8217;anunciaven als diaris, i el 2011 hi havia els portals immobiliaris, eren els clients els que triaven qu\u00e8 veure i ja no \u00e9rem els immobiliaris els \u00fanics posse\u00efdors de la informaci\u00f3. Amb l&#8217;esclat de la bombolla immobili\u00e0ria, hi havia molts habitatges en venda i va sorgir la necessitat d&#8217;oferir alguna cosa m\u00e9s. Vaig comen\u00e7ar a indagar sobre qu\u00e8 es podia fer i vaig descobrir el <em>home staging<\/em>, i en aquell mateix moment vaig pensar &#8216;jo vull ser aix\u00f2! Vaig comen\u00e7ar a formar-me, tota la informaci\u00f3 v\u00e8nia dels EUA, aix\u00ed que l&#8217;adaptava al mercat d&#8217;aqu\u00ed i treballant molt, amb const\u00e0ncia i experimentat formules vaig anar provant i cada vegada estava m\u00e9s conven\u00e7uda que funcionava.&#8221;<\/p>\n<p>Per la Joana el m\u00e9s dif\u00edcil ha estat i \u00e9s educar els clients: &#8220;encara que cada vegada menys, el m\u00e9s dif\u00edcil \u00e9s educar els clients a que han de gastar, per guanyar&#8230; i acostumats a que es venia tot i de qualsevol manera&#8230; pels propietaris \u00e9s dif\u00edcil d&#8217;encaixar que la valoraci\u00f3 de la casa sigui menor que fa uns anys, i que a sobre han de gastar per\u00f2 a poc a poc cada vegada hi ha m\u00e9s persones que s&#8217;adonen que \u00e9s en el seu propi benefici i que no es viu com es ven.&#8221;<\/p>\n<p>El consell que ofereix la Joana a altres emprenedores \u00e9s que no tinguin por de llan\u00e7ar-se. &#8220;Solc estar amb molts emprenedors, i el meu consell \u00e9s que no tinguin por de llan\u00e7ar-se, que enderroquin creences limitants i si tens una idea, desenvolupa-la i com m\u00e9s aviat millor posa-la en el mercat perqu\u00e8 <strong>el p\u00fablic et doni el seu feedback<\/strong> de si vas pel bon cam\u00ed o no&#8230;&#8221;<\/p>\n<p><iframe loading=\"lazy\" src=\"https:\/\/www.youtube.com\/embed\/jyX3D2yvscY\" width=\"560\" height=\"315\" frameborder=\"0\" allowfullscreen=\"allowfullscreen\"><\/iframe><\/p>\n<h4>N\u00e0utica<\/h4>\n<p>Iratxe Elso, fundadora de <a href=\"http:\/\/www.navegavela.com\/\" rel=\"nofollow noopener\" target=\"_blank\">Navegavela<\/a>, ens convida a viure una experi\u00e8ncia \u00fanica en alta mar. La seva companyia ofereix l&#8217;opci\u00f3 de llogar un veler per gaudir d&#8217;un capvespre, un sopar diferent o tota una setmana a bord. Navegavela va n\u00e9ixer de la passi\u00f3 i l&#8217;entusiasme que sent l\u2019Iratxe pel mar i la navegaci\u00f3 a vela. &#8220;La veritat \u00e9s que vaig aconseguir fer de <strong>la meva passi\u00f3 la meva professi\u00f3<\/strong> i si et dic la veritat, no s\u00e9 on est\u00e0 aquesta l\u00ednia que separa el que t&#8217;agrada fer del comen\u00e7ar a cobrar pel que t&#8217;agrada fer. Poquet a poquet vam anar creixent i transmetent els valors que aquest esport comporta allunyant d&#8217;aquesta idea elitista que es t\u00e9 d&#8217;ell mostrant que el mar hi \u00e9s per tots i que est\u00e0 a l&#8217;abast de tots, que navegar no \u00e9s car, que simplement costa diners&#8221;.<\/p>\n<p>&#8220;Vaig con\u00e8ixer al meu marit a bord d&#8217;un vaixell en una regata a Getxo i tres anys m\u00e9s tard vam comprar el nostre primer vaixell. Ara s\u00f3n tres els vaixells i un quart en cam\u00ed, aquest cop de motor, encara que si et dic la veritat, miro malament a la gent de motor perqu\u00e8 fa onades i molt soroll. M&#8217;agrada el que faig i dono gr\u00e0cies per aix\u00f2 tots els dies, pel que s\u00f3c i pel que tinc. A m\u00e9s de navegar, dedico part del meu temps lliure a UNICEF perqu\u00e8 m&#8217;agrada pensar que entre tots podem fer possible l&#8217;impossible.&#8221; Podr\u00e0s trobar m\u00e9s informaci\u00f3 sobre la Iratxe en <a href=\"http:\/\/navegando.es\/entrevista-a-iratxe-elso\/\" rel=\"nofollow noopener\" target=\"_blank\">aquesta entrevista de Navegando<\/a>.<\/p>\n<figure id=\"attachment_9782\" aria-describedby=\"caption-attachment-9782\" style=\"width: 1162px\" class=\"wp-caption aligncenter\"><a href=\"https:\/\/sociedaddelainnovacion.es\/wp-content\/uploads\/2016\/03\/navegavela.jpg\"><img loading=\"lazy\" decoding=\"async\" class=\"wp-image-9782 size-full\" src=\"https:\/\/sociedaddelainnovacion.es\/wp-content\/uploads\/2016\/03\/navegavela.jpg\" alt=\"Imagen de la web Navegavela\" width=\"1162\" height=\"494\" \/><\/a><figcaption id=\"caption-attachment-9782\" class=\"wp-caption-text\">Imagen de la web Navegavela<\/figcaption><\/figure>\n<h3>I tu? Si ets dona i tens un projecte innovador entre mans pots deixar-nos un comentari explicant-lo!<\/h3>\n<p>&nbsp;<\/p>\n","protected":false},"excerpt":{"rendered":"<p>Som conscients de que anem tard per sumar-nos a les reivindicacions del Dia de la Dona Treballadora, per\u00f2 pensem que sempre va b\u00e9 repassar i valoritzar a les emprenedores i els seus projectes. En aquest article pretenc donar visibilitat a 7 emprenedores que amb els seus projectes i reflexions, en diferents sectors i \u00e0mbits socials, ens inspiren i ens motiven a aconseguir molt m\u00e9s del que pensem.<\/p>\n","protected":false},"author":15,"featured_media":48139,"comment_status":"open","ping_status":"open","sticky":false,"template":"","format":"standard","meta":{"_acf_changed":false,"footnotes":""},"categories":[208,218,292],"tags":[],"class_list":["post-43223","post","type-post","status-publish","format-standard","has-post-thumbnail","hentry","category-empreses-innovadores","category-innovacio-oberta","category-innovadors"],"acf":[],"_links":{"self":[{"href":"https:\/\/sociedaddelainnovacion.es\/ca\/wp-json\/wp\/v2\/posts\/43223","targetHints":{"allow":["GET"]}}],"collection":[{"href":"https:\/\/sociedaddelainnovacion.es\/ca\/wp-json\/wp\/v2\/posts"}],"about":[{"href":"https:\/\/sociedaddelainnovacion.es\/ca\/wp-json\/wp\/v2\/types\/post"}],"author":[{"embeddable":true,"href":"https:\/\/sociedaddelainnovacion.es\/ca\/wp-json\/wp\/v2\/users\/15"}],"replies":[{"embeddable":true,"href":"https:\/\/sociedaddelainnovacion.es\/ca\/wp-json\/wp\/v2\/comments?post=43223"}],"version-history":[{"count":0,"href":"https:\/\/sociedaddelainnovacion.es\/ca\/wp-json\/wp\/v2\/posts\/43223\/revisions"}],"wp:featuredmedia":[{"embeddable":true,"href":"https:\/\/sociedaddelainnovacion.es\/ca\/wp-json\/wp\/v2\/media\/48139"}],"wp:attachment":[{"href":"https:\/\/sociedaddelainnovacion.es\/ca\/wp-json\/wp\/v2\/media?parent=43223"}],"wp:term":[{"taxonomy":"category","embeddable":true,"href":"https:\/\/sociedaddelainnovacion.es\/ca\/wp-json\/wp\/v2\/categories?post=43223"},{"taxonomy":"post_tag","embeddable":true,"href":"https:\/\/sociedaddelainnovacion.es\/ca\/wp-json\/wp\/v2\/tags?post=43223"}],"curies":[{"name":"wp","href":"https:\/\/api.w.org\/{rel}","templated":true}]}}