{"id":43233,"date":"2018-12-03T15:41:58","date_gmt":"2018-12-03T15:41:58","guid":{"rendered":"https:\/\/sociedaddelainnovacion.es\/rapid-prototyping-generar-prototipos-8-horas\/"},"modified":"2025-02-08T15:42:08","modified_gmt":"2025-02-08T15:42:08","slug":"rapid-prototyping-generar-prototipos-8-horas","status":"publish","type":"post","link":"https:\/\/sociedaddelainnovacion.es\/ca\/rapid-prototyping-generar-prototipos-8-horas\/","title":{"rendered":"Rapid prototyping, com generar prototips en 8 hores"},"content":{"rendered":"<p>Molt sovint, empreses i organitzacions ens demanen que organitzem tallers de sensibilitzaci\u00f3 al voltant de la Innovaci\u00f3, amb l\u2019objectiu de crear cultura innovadora i d\u2019identificar talent innovador intern. Tot i que sovint les expectatives s\u00f3n fer algun exercici i con\u00e8ixer els temes b\u00e0sics al voltant de la innovaci\u00f3, nosaltres ens resistim a no anar m\u00e9s enll\u00e0, i m\u00e9s si l\u2019equip t\u00e9 ganes i d\u00f3na corda.<\/p>\n<p>Recentment hem fet un taller de <em>Design Thinking<\/em> amb Escola Pia Catalunya, adre\u00e7at a un grup de professors i responsables de centres amb l\u2019objectiu d\u2019explicar i fer alguna pr\u00e0ctica amb aquesta metodologia. \u00a0Tot i que nom\u00e9s dispos\u00e0vem de dos matins per treballar la metodologia i fer un cas pr\u00e0ctic ens vam anar animant, i al final els equips van acabar creant prototips de projectes educatius en 8 hores!\u00a0 Us expliquem en aquest post com vam treballar.<\/p>\n<p><strong><span style=\"color: #800080;\">Objectiu 1: <span style=\"color: #000000;\">Provem a fer les coses de manera diferent<\/span><\/span><\/strong><\/p>\n<p style=\"text-align: center;\">[Tweet &#8220;&#8221;If you always do what you always have done, you only get what you always got.&#8221; Henry Ford&#8221;]<\/p>\n<p>S\u00ed, d\u2019acord, a l\u2019escola ens fan enquestes, reunions, trobades amb fam\u00edlies i alumnes, per\u00f2 la pregunta clau \u00e9s: qu\u00e8 en fem de tota aquesta informaci\u00f3? La sistematitzem, analitzem i identifiquem reptes?<\/p>\n<p>Si ja feu tota aquesta feina, felicitats, esteu treballant b\u00e9 la primera part del proc\u00e9s, per\u00f2 i les seg\u00fcents etapes? Us heu preguntat mai com contesteu vosaltres a les enquestes que us fan? I quins aspectes hagu\u00e9ssiu volgut incloure i no heu fet? Ens calen eines que ens permetin recollir les emocions, la informaci\u00f3 que no cap en una enquesta estructurada.<\/p>\n<p style=\"text-align: left;\"><strong><span style=\"color: #800080;\">Objectiu 2:<\/span> Reptes per etapes educatives<\/strong><\/p>\n<p style=\"text-align: left;\">Si ja teniu reptes identificats perfecte, podem comen\u00e7ar a treballar. En el nostre cas vam intentar aterrar els reptes una mica m\u00e9s, fent un mapa de quina proposta de valor oferim a quins segments de clients.<\/p>\n<figure id=\"attachment_10004\" aria-describedby=\"caption-attachment-10004\" style=\"width: 1599px\" class=\"wp-caption aligncenter\"><img loading=\"lazy\" decoding=\"async\" class=\"wp-image-10004 size-full\" src=\"https:\/\/sociedaddelainnovacion.es\/wp-content\/uploads\/2016\/04\/67fccda4-7150-430f-96e2-672798acc3df.jpg\" alt=\"Mapa de &quot;Pains and Gains&quot;\" width=\"1599\" height=\"899\" \/><figcaption id=\"caption-attachment-10004\" class=\"wp-caption-text\">Mapa de &#8220;Pains and Gains&#8221;<\/figcaption><\/figure>\n<p>Vam analitzar els diferents segments de clients i quina \u00e9s la proposta de valor que fem per a ells. No \u00e9s el mateix pares de P3, alumnes de prim\u00e0ria, adolescents ( motivats o no, <em>techies<\/em> o no), alumnes de FP. Cada un t\u00e9 un mapa emocional diferent, i requereix propostes de valor diferents.<\/p>\n<p><strong><span style=\"color: #800080;\">Objectiu 3:<\/span> Entenem al client<\/strong><\/p>\n<p style=\"text-align: center;\"><em>&#8220;Abans de jutjar una persona camina tres llunes amb els seus mocassins&#8221;<\/em><\/p>\n<p style=\"text-align: center;\">Proverbi sioux.<\/p>\n<p style=\"text-align: left;\">Per\u00f2 com podem caminar tres llunes amb els mocassins de les fam\u00edlies i els alumnes? Cada un dels equips va construir un <em>empathy map<\/em>, vam intentar entendre com pensa, viu, sent, un alumne determinat o una fam\u00edlia que ve a l\u2019escola i en vam fer un dibuix.<\/p>\n<figure id=\"attachment_10005\" aria-describedby=\"caption-attachment-10005\" style=\"width: 1599px\" class=\"wp-caption aligncenter\"><img loading=\"lazy\" decoding=\"async\" class=\"wp-image-10005 size-full\" src=\"https:\/\/sociedaddelainnovacion.es\/wp-content\/uploads\/2016\/04\/808d43aa-0956-4f64-ad03-d9e271f89442.jpg\" alt=\"Empathy Map de l'equip de Formaci\u00f3 Professional\" width=\"1599\" height=\"899\" \/><figcaption id=\"caption-attachment-10005\" class=\"wp-caption-text\">Empathy Map de l&#8217;equip de Formaci\u00f3 Professional<\/figcaption><\/figure>\n<p>Dins aquest mateix objectiu, vam <strong>tra\u00e7ar el cam\u00ed del client<\/strong>, intentant entendre el seu comportament a partir de les seves activitats di\u00e0ries: des que es lleva, va a l\u2019escola, menja, va amb els amics, sopa i dorm.<\/p>\n<p><strong><span style=\"color: #800080;\">Objectiu 4:<\/span> Generar idees<\/strong><\/p>\n<p style=\"text-align: justify;\">Amb tota la informaci\u00f3 dels clients vam comen\u00e7ar a <strong>identificar <em>insights<\/em><\/strong>, aquell problema o neguit que el client no t\u00e9 resolt i que \u00e9s important per a ell. A partir d\u2019aquests <em>insights<\/em> vam comen\u00e7ar a generar idees, aplicant diferents t\u00e8cniques. De totes les idees que es van generar, es van seleccionar les que aporten major valor per resoldre el problema del client.<\/p>\n<p style=\"text-align: left;\"><strong><span style=\"color: #800080;\">Objectiu 5:<\/span> El prototip<\/strong><\/p>\n<p style=\"text-align: justify;\">En dues hores els equips van treballar en la proposta de valor, especificacions, experi\u00e8ncia del client&#8230; va ser impressionant veure com els equips passaven d\u2019idees molt generals a propostes concretes en tan poc temps.<\/p>\n<p>El resultat va ser molt interessant, us expliquem els reptes i les solucions proposades per cada equip:<\/p>\n<h4 style=\"text-align: left;\"><strong>Prim\u00e0ria<\/strong><\/h4>\n<p><strong>Repte: <\/strong>\u201ccom generar espais de col\u00b7laboraci\u00f3 i confian\u00e7a amb les fam\u00edlies en l\u2019educaci\u00f3 conjunta dels fills\u201d. Per aix\u00f2 desenvolupen el <strong>projecte \u201cEdupath\u201d<\/strong>, implicar els pares en la millora dels resultats educatius dels seus fills.<\/p>\n<figure id=\"attachment_10006\" aria-describedby=\"caption-attachment-10006\" style=\"width: 1599px\" class=\"wp-caption aligncenter\"><img loading=\"lazy\" decoding=\"async\" class=\"wp-image-10006 size-full\" src=\"https:\/\/sociedaddelainnovacion.es\/wp-content\/uploads\/2016\/04\/Edupath-com-implicar-els-pares-en-la-millora-de-resultats-educatius-dels-seus-fills-2.jpg\" alt=\"Equip Prim\u00e0ria: Edupath, com implicar els pares en la millora dels resultats educatius dels seus fills.\" width=\"1599\" height=\"899\" \/><figcaption id=\"caption-attachment-10006\" class=\"wp-caption-text\">Equip Prim\u00e0ria: Edupath, com implicar els pares en la millora dels resultats educatius dels seus fills.<\/figcaption><\/figure>\n<h4><strong>ESO<\/strong><\/h4>\n<p><strong>Repte:<\/strong> \u201ccom motivar els alumnes d\u2019ESO addictes a la tecnologia\u201d. Desenvolupen el <strong>projecte<\/strong> <strong>\u201cInstaPic\u201d,<\/strong> eina que facilita generar activitats al voltant de l\u2019assignatura de llengua, llan\u00e7ant reptes als alumnes i generant jocs.<\/p>\n<figure id=\"attachment_10007\" aria-describedby=\"caption-attachment-10007\" style=\"width: 1599px\" class=\"wp-caption aligncenter\"><img loading=\"lazy\" decoding=\"async\" class=\"wp-image-10007 size-full\" src=\"https:\/\/sociedaddelainnovacion.es\/wp-content\/uploads\/2016\/04\/repte-alumnes-tecnologia.jpg\" alt=\"Equip ESO: InstaPic, eina que facilita generar activitats al voltant de l\u2019assignatura de llengua, llan\u00e7ant reptes als alumnes i generant jocs.\" width=\"1599\" height=\"899\" \/><figcaption id=\"caption-attachment-10007\" class=\"wp-caption-text\">Equip ESO: InstaPic, eina que facilita generar activitats al voltant de l\u2019assignatura de llengua, llan\u00e7ant reptes als alumnes i generant jocs.<\/figcaption><\/figure>\n<h4><strong>Formaci\u00f3 Professional<\/strong><\/h4>\n<p><strong>Repte de l\u2019equip de FP<\/strong>: \u201ctreballar amb alumnes a l\u2019espera de ser motivats\u201d <strong>Projecte<\/strong> <strong>\u201cSport &amp; Think\u201d<\/strong> espai per motivar els alumnes de cicles formatius de l\u2019esport i el lleure, a trav\u00e9s de la creaci\u00f3 de la seva pr\u00f2pia empresa i venda de serveis a entitats.<\/p>\n<figure id=\"attachment_10008\" aria-describedby=\"caption-attachment-10008\" style=\"width: 1599px\" class=\"wp-caption aligncenter\"><img loading=\"lazy\" decoding=\"async\" class=\"wp-image-10008 size-full\" src=\"https:\/\/sociedaddelainnovacion.es\/wp-content\/uploads\/2016\/04\/sport-think-motivar-alumnes-fp-creant-espais-dempresa-real-al-centre.jpg\" alt=\"Equip Formaci\u00f3 Professional: Sport &amp; Think, espai per motivar els alumnes de cicles formatius de l\u2019esport i el lleure.\" width=\"1599\" height=\"899\" \/><figcaption id=\"caption-attachment-10008\" class=\"wp-caption-text\">Equip Formaci\u00f3 Professional: Sport &amp; Think, espai per motivar els alumnes de cicles formatius de l\u2019esport i el lleure.<\/figcaption><\/figure>\n<h4><strong>Equip de Gesti\u00f3<\/strong><\/h4>\n<p><strong>Repte<\/strong>: \u201ccom treballar amb les fam\u00edlies i alumnes de diferents capacitats sense frustrar expectatives?\u201d Desenvolupen el <strong>projecte<\/strong> <strong>\u201cINTELPIA\u201d<\/strong>, eina que facilita el desenvolupament i avaluaci\u00f3 de les capacitats dels alumnes a partir de les intel\u00b7lig\u00e8ncies m\u00faltiples.<\/p>\n<figure id=\"attachment_10009\" aria-describedby=\"caption-attachment-10009\" style=\"width: 1599px\" class=\"wp-caption aligncenter\"><img loading=\"lazy\" decoding=\"async\" class=\"wp-image-10009 size-full\" src=\"https:\/\/sociedaddelainnovacion.es\/wp-content\/uploads\/2016\/04\/Intelpia.-Aplicar-intel.ligencies-multiples-a-laula.-Escola-pia.jpg\" alt=\"Equip de Gesti\u00f3: INTELPIA, eina que facilita el desenvolupament i avaluaci\u00f3 de les capacitats dels alumnes a partir de les intel\u00b7lig\u00e8ncies m\u00faltiples.\" width=\"1599\" height=\"899\" \/><figcaption id=\"caption-attachment-10009\" class=\"wp-caption-text\">Equip de Gesti\u00f3: INTELPIA, eina que facilita el desenvolupament i avaluaci\u00f3 de les capacitats dels alumnes a partir de les intel\u00b7lig\u00e8ncies m\u00faltiples.<\/figcaption><\/figure>\n<p><strong>Conclusions<\/strong><\/p>\n<p>Amb equips motivats hem estat capa\u00e7os de generar prototips molt primaris en dos matins. Fins on ser\u00edem capa\u00e7os d\u2019arribar amb m\u00e9s temps? La motivaci\u00f3 dels equips \u00e9s fonamental, i en aix\u00f2 cal afegir:<\/p>\n<ol>\n<li>Suport de la Direcci\u00f3<\/li>\n<li>Reptes ben definits<\/li>\n<li>Metodologia<\/li>\n<li><a href=\"http:\/\/www.societatdelainnovacio.cat\/les-5-competencies-clau-dels-agents-dinnovacio\/?_ga=1.124710794.1264400121.1456215359\" target=\"_blank\" rel=\"noopener noreferrer nofollow\">Persones de suport entrenades<\/a>.<\/li>\n<\/ol>\n<h4>Creus que els agents d\u2019innovaci\u00f3 de la teva organitzaci\u00f3 podrien prototipar en 8 hores? Creus que tenen totes les eines necess\u00e0ries per poder fer-ho?<\/h4>\n","protected":false},"excerpt":{"rendered":"<p>Molt sovint, empreses i organitzacions ens demanen que organitzem tallers de sensibilitzaci\u00f3 al voltant de la Innovaci\u00f3, amb l\u2019objectiu de crear cultura innovadora i d\u2019identificar talent innovador intern. Tot i que sovint les expectatives s\u00f3n fer algun exercici i con\u00e8ixer els temes b\u00e0sics al voltant de la innovaci\u00f3, nosaltres ens resistim a no anar m\u00e9s enll\u00e0, i m\u00e9s si l\u2019equip t\u00e9 ganes i d\u00f3na corda.<\/p>\n","protected":false},"author":9,"featured_media":48175,"comment_status":"open","ping_status":"open","sticky":false,"template":"","format":"standard","meta":{"_acf_changed":false,"footnotes":""},"categories":[299,171,232],"tags":[],"class_list":["post-43233","post","type-post","status-publish","format-standard","has-post-thumbnail","hentry","category-lideratge-innovador","category-metodologies-dinnovacio","category-projectes-innovadors"],"acf":[],"_links":{"self":[{"href":"https:\/\/sociedaddelainnovacion.es\/ca\/wp-json\/wp\/v2\/posts\/43233","targetHints":{"allow":["GET"]}}],"collection":[{"href":"https:\/\/sociedaddelainnovacion.es\/ca\/wp-json\/wp\/v2\/posts"}],"about":[{"href":"https:\/\/sociedaddelainnovacion.es\/ca\/wp-json\/wp\/v2\/types\/post"}],"author":[{"embeddable":true,"href":"https:\/\/sociedaddelainnovacion.es\/ca\/wp-json\/wp\/v2\/users\/9"}],"replies":[{"embeddable":true,"href":"https:\/\/sociedaddelainnovacion.es\/ca\/wp-json\/wp\/v2\/comments?post=43233"}],"version-history":[{"count":0,"href":"https:\/\/sociedaddelainnovacion.es\/ca\/wp-json\/wp\/v2\/posts\/43233\/revisions"}],"wp:featuredmedia":[{"embeddable":true,"href":"https:\/\/sociedaddelainnovacion.es\/ca\/wp-json\/wp\/v2\/media\/48175"}],"wp:attachment":[{"href":"https:\/\/sociedaddelainnovacion.es\/ca\/wp-json\/wp\/v2\/media?parent=43233"}],"wp:term":[{"taxonomy":"category","embeddable":true,"href":"https:\/\/sociedaddelainnovacion.es\/ca\/wp-json\/wp\/v2\/categories?post=43233"},{"taxonomy":"post_tag","embeddable":true,"href":"https:\/\/sociedaddelainnovacion.es\/ca\/wp-json\/wp\/v2\/tags?post=43233"}],"curies":[{"name":"wp","href":"https:\/\/api.w.org\/{rel}","templated":true}]}}