{"id":43236,"date":"2019-11-25T15:02:22","date_gmt":"2019-11-25T15:02:22","guid":{"rendered":"https:\/\/sociedaddelainnovacion.es\/10051\/"},"modified":"2025-02-06T17:29:35","modified_gmt":"2025-02-06T17:29:35","slug":"10051","status":"publish","type":"post","link":"https:\/\/sociedaddelainnovacion.es\/ca\/10051\/","title":{"rendered":"Tram final de Port Innova, una hist\u00f2ria d&#8217;innovaci\u00f3 oberta al Port de Barcelona"},"content":{"rendered":"<p>El proper 11 de maig finalitzar\u00e0 la primera edici\u00f3 de Port Innova, la iniciativa d&#8217;innovaci\u00f3 oberta del Port de Barcelona, on hi participen 8 empreses de l&#8217;\u00e0mbit mar\u00edtim i 18 escoles de formaci\u00f3 professional de la ciutat. A hores d&#8217;ara, nom\u00e9s ens queda desitja&#8217;ls-hi molta sort als i les alumnes que han arribat a l&#8217;\u00faltima fase. \u00c0nims, que aix\u00f2 s&#8217;acaba i felicitats per la feina feta i tot el que heu aconseguit durant els \u00faltims mesos, que \u00e9s molt!<\/p>\n<div class=\"storify\"><iframe loading=\"lazy\" src=\"\/\/storify.com\/Soc_Innovacion\/port-innova-una-historia-d-innovacio-al-port-de-ba\/embed?border=false\" width=\"100%\" height=\"750\" frameborder=\"no\" allowtransparency=\"true\"><\/iframe><script src=\"\/\/storify.com\/Soc_Innovacion\/port-innova-una-historia-d-innovacio-al-port-de-ba.js?border=false\"><\/script><noscript>[<a href=\"\/\/storify.com\/Soc_Innovacion\/port-innova-una-historia-d-innovacio-al-port-de-ba\" target=\"_blank\" rel=\"noopener noreferrer\">View the story &#8220;Tram final de Port Innova, una hist\u00f2ria d&#8217;innovaci\u00f3 oberta al Port de Barcelona&#8221; on Storify<\/a>]<\/noscript><\/div>\n","protected":false},"excerpt":{"rendered":"<p>El proper 11 de maig finalitzar\u00e0 la primera edici\u00f3 de Port Innova, la iniciativa d&#8217;innovaci\u00f3 oberta del Port de Barcelona, on hi participen 8 empreses de l&#8217;\u00e0mbit mar\u00edtim i 18 escoles de formaci\u00f3 professional de la ciutat. A hores d&#8217;ara, nom\u00e9s ens queda desitja&#8217;ls-hi molta sort als i les alumnes que han arribat a l&#8217;\u00faltima fase. \u00c0nims, que aix\u00f2 s&#8217;acaba i felicitats per la feina feta i tot el que heu aconseguit durant els \u00faltims mesos, que \u00e9s molt!<\/p>\n","protected":false},"author":11,"featured_media":48298,"comment_status":"open","ping_status":"open","sticky":false,"template":"","format":"standard","meta":{"_acf_changed":false,"footnotes":""},"categories":[232,190],"tags":[],"class_list":["post-43236","post","type-post","status-publish","format-standard","has-post-thumbnail","hentry","category-projectes-innovadors","category-innovacio-educativa"],"acf":[],"_links":{"self":[{"href":"https:\/\/sociedaddelainnovacion.es\/ca\/wp-json\/wp\/v2\/posts\/43236","targetHints":{"allow":["GET"]}}],"collection":[{"href":"https:\/\/sociedaddelainnovacion.es\/ca\/wp-json\/wp\/v2\/posts"}],"about":[{"href":"https:\/\/sociedaddelainnovacion.es\/ca\/wp-json\/wp\/v2\/types\/post"}],"author":[{"embeddable":true,"href":"https:\/\/sociedaddelainnovacion.es\/ca\/wp-json\/wp\/v2\/users\/11"}],"replies":[{"embeddable":true,"href":"https:\/\/sociedaddelainnovacion.es\/ca\/wp-json\/wp\/v2\/comments?post=43236"}],"version-history":[{"count":0,"href":"https:\/\/sociedaddelainnovacion.es\/ca\/wp-json\/wp\/v2\/posts\/43236\/revisions"}],"wp:featuredmedia":[{"embeddable":true,"href":"https:\/\/sociedaddelainnovacion.es\/ca\/wp-json\/wp\/v2\/media\/48298"}],"wp:attachment":[{"href":"https:\/\/sociedaddelainnovacion.es\/ca\/wp-json\/wp\/v2\/media?parent=43236"}],"wp:term":[{"taxonomy":"category","embeddable":true,"href":"https:\/\/sociedaddelainnovacion.es\/ca\/wp-json\/wp\/v2\/categories?post=43236"},{"taxonomy":"post_tag","embeddable":true,"href":"https:\/\/sociedaddelainnovacion.es\/ca\/wp-json\/wp\/v2\/tags?post=43236"}],"curies":[{"name":"wp","href":"https:\/\/api.w.org\/{rel}","templated":true}]}}