{"id":43332,"date":"2018-05-31T09:57:01","date_gmt":"2018-05-31T09:57:01","guid":{"rendered":"https:\/\/sociedaddelainnovacion.es\/lespai-del-disseny-abstracte-la-consequencia-duna-necessitat\/"},"modified":"2025-02-09T15:39:21","modified_gmt":"2025-02-09T15:39:21","slug":"lespai-del-disseny-abstracte-la-consequencia-duna-necessitat","status":"publish","type":"post","link":"https:\/\/sociedaddelainnovacion.es\/ca\/lespai-del-disseny-abstracte-la-consequencia-duna-necessitat\/","title":{"rendered":"L&#8217;espai, del disseny abstracte a la conseq\u00fc\u00e8ncia d&#8217;una necessitat"},"content":{"rendered":"<p>Em presento. S\u00f3c la Maria Moragas, nova col\u00b7laboradora, assessora i creient de la Societat de la Innovaci\u00f3 i m&#8217;incorporo a Induct en l&#8217;\u00e0rea de la creaci\u00f3 i transformaci\u00f3 d&#8217;espais. Tenint en compte la import\u00e0ncia de l&#8217;espai interior per al bon desenvolupament de les seves activitats, percepci\u00f3 i confort, \u00e9s important analitzar breument de qu\u00e8 es compon l&#8217;espai interior, quines s\u00f3n les seves qualitats i les necessitats de l&#8217;usuari tant de confort com d&#8217;\u00fas.<\/p>\n<p>Ens trobem en un moment en el qual un bon disseny d&#8217;un edifici, independentment del seu \u00fas, no nom\u00e9s es basa en una imatge exterior bonica, extravagant o cridanera i que s&#8217;adeq\u00fci al seu entorn m\u00e9s proper, sin\u00f3 que el seu interior ha de seguir les mateixes qualitats per\u00f2 adequant-se al seu propi entorn intern, l&#8217;usuari. Aquest ha de ser qui dictamini com necessita que siguin els espais i les relacions entre aquests. \u00c9s l&#8217;usuari el que viur\u00e0 l&#8217;espai i el que utilitzar\u00e0 tots els seus racons. \u00c9s aix\u00ed com cal canviar l&#8217;arcaica manera de projectar de fora cap a dins a <strong>un disseny de dins a fora<\/strong>. S&#8217;ha de prioritzar l&#8217;usuari i les seves necessitats i exig\u00e8ncies, i al mateix temps, adaptar-lo i combinar-ho amb un disseny arquitect\u00f2nic efica\u00e7.<\/p>\n<p>Tot i aix\u00f2, som conscients que no tot s\u00f3n noves construccions i que l&#8217;adaptabilitat dels espais i transformaci\u00f3 d&#8217;aquests tamb\u00e9 es poden dur a terme despr\u00e9s de la construcci\u00f3, ja feta, d&#8217;un edifici o centre. En el moment en qu\u00e8 l&#8217;usuari se n\u2019adona que l&#8217;espai en que es desenvolupa no compleix les expectatives que la seva activitat requereix, t\u00e9 tota la potestat per poder transformar-lo i canviar-lo. I \u00e9s m\u00e9s, s&#8217;ha d&#8217;arribar a aquest punt per crear una identitat pr\u00f2pia, en la qual se senti identificat i que respongui directament a les bases de la seva feina o \u00fas.<\/p>\n<p>\u00c9s en aquest punt en el qual la innovaci\u00f3 s&#8217;uneix a aquesta transformaci\u00f3 i es convertir\u00e0 en l&#8217;eina principal, per crear l&#8217;espai que l&#8217;usuari requereix de manera efica\u00e7 seguint unes passes d&#8217;an\u00e0lisi, prototip i finalment realitat!<\/p>\n<p>Per\u00f2 abans de tot, \u00e9s imprescindible con\u00e8ixer i entendre les claus per construir l&#8217;arquitectura basades en el <strong>confort per satisfer les necessitats<\/strong>. Perqu\u00e8 una activitat es pugui desenvolupar de manera c\u00f2moda, agradable i ordenada s&#8217;han de tenir en compte una s\u00e8rie de conforts que cre\u00efn una base de l&#8217;ambient necess\u00e0ria i s\u00f2lida. Estem parlant de:<\/p>\n<p><strong>1.<\/strong>\u00a0<strong>Confort espacial: <\/strong>Aquest es basa en la voluntat de crear un <strong>espai di\u00e0fan o fix<\/strong>. Segons els requeriments per a l&#8217;\u00fas de l&#8217;espai s&#8217;hauran de crear sistemes m\u00f2bils per poder transformar un espai en diversos micro espais flexibles o donar import\u00e0ncia a un sol espai fix per dur a terme una sola activitat ja prefixada.<\/p>\n<figure id=\"attachment_11854\" aria-describedby=\"caption-attachment-11854\" style=\"width: 1024px\" class=\"wp-caption aligncenter\"><img loading=\"lazy\" decoding=\"async\" class=\"wp-image-11854 size-full\" src=\"http:\/\/www.societatdelainnovacio.cat\/wp-content\/uploads\/2017\/04\/confort-espacial-cat.png\" alt=\"\" width=\"1024\" height=\"512\" \/><figcaption id=\"caption-attachment-11854\" class=\"wp-caption-text\">Confort espacial<\/figcaption><\/figure>\n<p><strong>2.<\/strong>\u00a0<strong>Confort lum\u00ednic: <\/strong>Aquest es basa en la utilitzaci\u00f3 de llum natural i llum artificial. \u00c9s important recon\u00e8ixer com aprofitar la llum natural del dia per poder desenvolupar una activitat. Hem de ser conscients que la llum natural \u00e9s un b\u00e9 gratu\u00eft que la natura ens ofereix cada dia aix\u00ed que utilitzar sistemes de lluernes, fa\u00e7anes semi-obertes, finestres o finestrals s\u00f3n una gran soluci\u00f3 a una falta de llum interior. Aix\u00ed mateix, la llum natural no pot solucionar sempre el problema de la il\u00b7luminaci\u00f3 i hem de con\u00e8ixer les propietats i els tipus que la llum artificial ens ofereix, des d&#8217;una il\u00b7luminaci\u00f3 general com a una il\u00b7luminaci\u00f3 focal per a situacions puntuals.<\/p>\n<figure id=\"attachment_11855\" aria-describedby=\"caption-attachment-11855\" style=\"width: 1024px\" class=\"wp-caption aligncenter\"><img loading=\"lazy\" decoding=\"async\" class=\"wp-image-11855 size-full\" src=\"http:\/\/www.societatdelainnovacio.cat\/wp-content\/uploads\/2017\/04\/confort-lum\u00ednic-cat.png\" alt=\"\" width=\"1024\" height=\"512\" \/><figcaption id=\"caption-attachment-11855\" class=\"wp-caption-text\">Confort lum\u00ednic<\/figcaption><\/figure>\n<p><strong>3.<\/strong> <strong>Confort t\u00e8rmic:<\/strong> Aquest es basa en la necessitat d&#8217;estar a una temperatura agradable a l&#8217;interior d&#8217;un edifici segons l&#8217;\u00e8poca de l&#8217;any. Calen doncs <strong>sistemes t\u00e8rmics naturals o sistemes t\u00e8rmics artificials<\/strong>. Tenint en compte una arquitectura ecol\u00f2gica, la utilitzaci\u00f3 o addici\u00f3 de sistemes naturals \u00e9s possible gr\u00e0cies a la ventilaci\u00f3 creuada a l&#8217;estiu o a l&#8217;addici\u00f3 d&#8217;elements amb una alta captaci\u00f3 de calor com s\u00f3n les moquetes a l&#8217;hivern. Tot i aix\u00f2, i segons els requeriments d&#8217;un espai, no sempre \u00e9s possible aconseguir una temperatura de confort necess\u00e0ria amb sistemes naturals i cal utilitzar sistemes d&#8217;aire condicionat o calefacci\u00f3 per a un confort t\u00e8rmic adequat que permeti realitzar les activitats dins d&#8217;un espai.<\/p>\n<figure id=\"attachment_11856\" aria-describedby=\"caption-attachment-11856\" style=\"width: 1024px\" class=\"wp-caption aligncenter\"><img loading=\"lazy\" decoding=\"async\" class=\"wp-image-11856 size-full\" src=\"http:\/\/www.societatdelainnovacio.cat\/wp-content\/uploads\/2017\/04\/confort-t\u00e9rmico-cat.png\" alt=\"\" width=\"1024\" height=\"512\" \/><figcaption id=\"caption-attachment-11856\" class=\"wp-caption-text\">Confort t\u00e8rmic<\/figcaption><\/figure>\n<p>4.\u00a0<strong>Confort ac\u00fastic: <\/strong>Aquest es basa en la necessitat de poder utilitzar un espai en el qual les reverberacions d&#8217;altres agents no afectin a la realitzaci\u00f3 d&#8217;una activitat. \u00c9s per aix\u00f2 que s&#8217;han d&#8217;estudiar les caracter\u00edstiques dels materials de revestiment interiors i afegir o substituir elements per materials absorbents o sistemes absorbents. Com m\u00e9s por\u00f3s sigui un material de revestiment m\u00e9s s&#8217;absorbeix l&#8217;ona del so i menys soroll d&#8217;ambient tindr\u00e0 l&#8217;espai. Tamb\u00e9 s&#8217;han de tenir en compte sistemes en qu\u00e8 l&#8217;ona sonora va rebotant en el seu interior aconseguint aix\u00ed una disminuci\u00f3 de sorolls o reverberacions no desitjats.<\/p>\n<figure id=\"attachment_11857\" aria-describedby=\"caption-attachment-11857\" style=\"width: 1024px\" class=\"wp-caption aligncenter\"><img loading=\"lazy\" decoding=\"async\" class=\"wp-image-11857 size-full\" src=\"http:\/\/www.societatdelainnovacio.cat\/wp-content\/uploads\/2017\/04\/confort-acustico-cat.png\" alt=\"\" width=\"1024\" height=\"512\" \/><figcaption id=\"caption-attachment-11857\" class=\"wp-caption-text\">Confort ac\u00fastic<\/figcaption><\/figure>\n<p><strong>5.\u00a0Confort visual:\u00a0<\/strong>Aquest es basa en la necessitat de l&#8217;home de tenir una refer\u00e8ncia visual. Aquestes refer\u00e8ncies es troben tant a l&#8217;interior com a l&#8217;exterior. \u00c9s important doncs controlar una <strong>relaci\u00f3 visual exterior-interior, interior-exterior i interior-interior<\/strong>. Quan s&#8217;utilitza un espai, el simple fet de poder observar qu\u00e8 hi ha o qu\u00e8 passa al teu voltant permetr\u00e0 que psicol\u00f2gicament la teva ment i cos es sentin confortables i segurs dins o fora d&#8217;aquest. Aix\u00f2 comporta poder controlar altres factors aliens a l&#8217;activitat d&#8217;un individu en un espai, cosa necess\u00e0ria per al seu bon desenvolupament.<\/p>\n<figure id=\"attachment_11849\" aria-describedby=\"caption-attachment-11849\" style=\"width: 1024px\" class=\"wp-caption aligncenter\"><img loading=\"lazy\" decoding=\"async\" class=\"size-full wp-image-11849\" src=\"https:\/\/sociedaddelainnovacion.es\/wp-content\/uploads\/2017\/04\/confort-visual-cast.png\" alt=\"\" width=\"1024\" height=\"512\" \/><figcaption id=\"caption-attachment-11849\" class=\"wp-caption-text\">Confort visual<\/figcaption><\/figure>\n<p><strong>6. Confort d\u2019\u00fas: <\/strong>Aquest es basa en la voluntat de crear un moviment fix o flexible segons les necessitats d&#8217;un espai i el seu \u00fas. Cal recon\u00e8ixer quan un espai hauria de tenir un moviment predeterminat per dur a terme una activitat o, pel contrari, si el moviment flexible sense definir \u00e9s el que es requereix per utilitzar l&#8217;espai.<\/p>\n<figure id=\"attachment_11858\" aria-describedby=\"caption-attachment-11858\" style=\"width: 1024px\" class=\"wp-caption aligncenter\"><img loading=\"lazy\" decoding=\"async\" class=\"wp-image-11858 size-full\" src=\"http:\/\/www.societatdelainnovacio.cat\/wp-content\/uploads\/2017\/04\/confort-movimiento-cat.png\" alt=\"\" width=\"1024\" height=\"512\" \/><figcaption id=\"caption-attachment-11858\" class=\"wp-caption-text\">Confort d\u2019\u00fas<\/figcaption><\/figure>\n<h2>Heu dissenyat el vostre espai de treball tenint en compte els usuaris? Creieu que l&#8217;espai us ajuda a innovar?<\/h2>\n","protected":false},"excerpt":{"rendered":"<p>Tenint en compte la import\u00e0ncia de l&#8217;espai interior per al bon desenvolupament de les seves activitats, percepci\u00f3 i confort, \u00e9s important analitzar breument de qu\u00e8 es compon l&#8217;espai interior, quines s\u00f3n les seves qualitats i les necessitats de l&#8217;usuari tant de confort com d&#8217;\u00fas.<\/p>\n","protected":false},"author":31,"featured_media":56913,"comment_status":"open","ping_status":"open","sticky":false,"template":"","format":"standard","meta":{"_acf_changed":false,"footnotes":""},"categories":[191],"tags":[],"class_list":["post-43332","post","type-post","status-publish","format-standard","has-post-thumbnail","hentry","category-cultura-dinnovacio"],"acf":[],"_links":{"self":[{"href":"https:\/\/sociedaddelainnovacion.es\/ca\/wp-json\/wp\/v2\/posts\/43332","targetHints":{"allow":["GET"]}}],"collection":[{"href":"https:\/\/sociedaddelainnovacion.es\/ca\/wp-json\/wp\/v2\/posts"}],"about":[{"href":"https:\/\/sociedaddelainnovacion.es\/ca\/wp-json\/wp\/v2\/types\/post"}],"author":[{"embeddable":true,"href":"https:\/\/sociedaddelainnovacion.es\/ca\/wp-json\/wp\/v2\/users\/31"}],"replies":[{"embeddable":true,"href":"https:\/\/sociedaddelainnovacion.es\/ca\/wp-json\/wp\/v2\/comments?post=43332"}],"version-history":[{"count":0,"href":"https:\/\/sociedaddelainnovacion.es\/ca\/wp-json\/wp\/v2\/posts\/43332\/revisions"}],"wp:featuredmedia":[{"embeddable":true,"href":"https:\/\/sociedaddelainnovacion.es\/ca\/wp-json\/wp\/v2\/media\/56913"}],"wp:attachment":[{"href":"https:\/\/sociedaddelainnovacion.es\/ca\/wp-json\/wp\/v2\/media?parent=43332"}],"wp:term":[{"taxonomy":"category","embeddable":true,"href":"https:\/\/sociedaddelainnovacion.es\/ca\/wp-json\/wp\/v2\/categories?post=43332"},{"taxonomy":"post_tag","embeddable":true,"href":"https:\/\/sociedaddelainnovacion.es\/ca\/wp-json\/wp\/v2\/tags?post=43332"}],"curies":[{"name":"wp","href":"https:\/\/api.w.org\/{rel}","templated":true}]}}