{"id":43385,"date":"2018-05-31T09:20:33","date_gmt":"2018-05-31T09:20:33","guid":{"rendered":"https:\/\/sociedaddelainnovacion.es\/4-passos-per-tenir-una-idea\/"},"modified":"2025-02-09T16:05:34","modified_gmt":"2025-02-09T16:05:34","slug":"4-passos-per-tenir-una-idea","status":"publish","type":"post","link":"https:\/\/sociedaddelainnovacion.es\/ca\/4-passos-per-tenir-una-idea\/","title":{"rendered":"4 Passos per tenir una idea"},"content":{"rendered":"<p>El jard\u00ed de les idees. Plantar, regar i cuidar.<\/p>\n<p>Diuen que les bones idees nom\u00e9s poden sortir dels genis creatius, aquells petits elfs pensants d&#8217;un altre planeta amb idees brillants. Doncs la veritat \u00e9s que tot \u00e9s un entrenament, que les idees disruptives no surten aix\u00ed com aix\u00ed i \u00e9s un proc\u00e9s el qual, sent conscient d&#8217;ell, podem viatjar en aquest m\u00f3n creatiu.<\/p>\n<p>\u00c9s per aix\u00f2 que en el post d&#8217;avui descobrirem aquest cam\u00ed, ja que &#8220;la creativitat \u00e9s un viatge i no un dest\u00ed&#8221;. Per\u00f2 hem de tenir en compte que qualsevol recerca d&#8217;idees neix d&#8217;un problema o repte plantejat.<\/p>\n<p>Abans de res posarem en com\u00fa les quatre perspectives de la creativitat:<\/p>\n<ol>\n<li>Acte de creaci\u00f3 com un proc\u00e9s que t\u00e9 els seus passos clarament definits.<\/li>\n<li>Estudi de les persones considerades creatives: aprendre de la seva personalitat, del seu nivell d&#8217;intel\u00b7lig\u00e8ncia, de la seva aptitud i idiosincr\u00e0sia.<\/li>\n<li>Creativitat en termes dels productes creats.<\/li>\n<li>Entorn en el qual ha tingut lloc l&#8217;activitat que se suposa creativa.<\/li>\n<\/ol>\n<p><strong>Doncs b\u00e9, estructurem la creativitat en les seg\u00fcents fases;<\/strong><\/p>\n<ol>\n<li>Preparaci\u00f3 activa<\/li>\n<li>Incubaci\u00f3 passiva o gestaci\u00f3<\/li>\n<li>Il\u00b7luminaci\u00f3 o visi\u00f3<\/li>\n<li>Verificaci\u00f3 o revisi\u00f3<\/li>\n<\/ol>\n<p>Hem de tenir en compte que en cada fase experimentarem un estat ps\u00edquic diferent, si som conscient d&#8217;aix\u00f2&#8230; No portarem les idees a la deriva!<\/p>\n<p><img loading=\"lazy\" decoding=\"async\" class=\"aligncenter size-full wp-image-12724\" src=\"https:\/\/sociedaddelainnovacion.es\/wp-content\/uploads\/2017\/09\/crayola-3.jpg\" alt=\"\" width=\"1500\" height=\"1000\" \/><\/p>\n<h2>1. Preparaci\u00f3 activa<\/h2>\n<p>Iniciem amb la fase m\u00e9s important, ja que per tenir bones idees hem d\u2019alimentar el nostre conscient de dades extretes de l&#8217;exploraci\u00f3 i l&#8217;observaci\u00f3. Sab\u00edeu que el 99% de transpiraci\u00f3 de les dades recollides amb la combinaci\u00f3 d&#8217;1% d&#8217;inspiraci\u00f3 crea el c\u00f2ctel perfecte per a la creativitat?<\/p>\n<p>Doncs b\u00e9, com podeu veure aquesta fase d&#8217;exploraci\u00f3 \u00e9s fonamental per tenir bones idees. En aquesta fase sintetitzarem i recollirem els materials relatius al problema en particular. Comprendrem la percepci\u00f3 del problema i acoblarem la &#8220;mat\u00e8ria primera&#8221; que determinar\u00e0 la qualitat de la creativitat. L&#8217;abund\u00e0ncia de les mat\u00e8ries primeres estimula i aguditza aquesta fase.<\/p>\n<p>Dividim aquesta fase en dos clars processos: d&#8217;una banda, haurem d\u2019experimentar la <strong>ingesti\u00f3<\/strong> de la informaci\u00f3 relativa al nostre problema (observar i explorar) i la <strong>digesti\u00f3<\/strong> de les dades recollides per poder jugar amb elles.<\/p>\n<p>En la preparaci\u00f3 activa experimentarem tots els estats relacionats amb la tensi\u00f3. En qualsevol enlairament d&#8217;un viatge en avi\u00f3, ens trobem tensos, no sabem com anir\u00e0 el vol i \u00e9s per aix\u00f2 que ens trobem en un entorn d\u2019incertesa.<\/p>\n<h2>2.\u00a0Incubaci\u00f3 passiva o gestaci\u00f3<\/h2>\n<p>Un cop tenim tot un cat\u00e0leg ple de refer\u00e8ncies, exploracions i observacions \u00e9s hora d&#8217;alimentar el nostre subconscient.<\/p>\n<p>L&#8217;atenci\u00f3 conscient s&#8217;aparta del problema i \u00e9s on l&#8217;inconscient o subconscient estar\u00e0 m\u00e9s capacitat per atendre amb efectivitat el problema. D&#8217;aquesta manera lliure de prejudicis, la ment pot comen\u00e7ar a formar una soluci\u00f3.<\/p>\n<p>A l&#8217;inspirar-nos concentrem tota l&#8217;energia creativa en el nucli del subconscient, fet que admet tot el que rebutjaria el conscient, ja que no cont\u00e9 ni l\u00edmits ni barreres.<\/p>\n<p>En el nostre dia a dia podr\u00edem relacionar aquest esdeveniment amb sortir de la rutina, de la zona de confort, obrir la ment i endinsar-nos en un cam\u00ed el qual no controlem seu tra\u00e7at.<\/p>\n<p>Aquesta fase la podr\u00edem dividir en dos passos, primer <strong>experimentar<\/strong> les dades recollides en la preparaci\u00f3, per despr\u00e9s <strong>examinar-los<\/strong> i aix\u00ed estudiar-los amb profunditat. Despr\u00e9s d&#8217;aquests actes haurem de deixar lliure la imaginaci\u00f3, per entrar a la tercera fase.<\/p>\n<p>En la gestaci\u00f3 experimentarem tant la relaxaci\u00f3 de tenir unes dades fermes com la frustraci\u00f3 per no saber cap a on encaminarem la nostra soluci\u00f3.<\/p>\n<h2>3.\u00a0Il\u00b7luminaci\u00f3 o visi\u00f3<\/h2>\n<p>La pura ess\u00e8ncia de la creativitat, quan l&#8217;\u00e9sser concep la seva tan esperada idea. Moment en el qual la il\u00b7luminaci\u00f3 ha trobat la soluci\u00f3 del seu problema. \u00c9s aix\u00ed com el creador utilitza paraules, formes i colors per poder expressar la seva inspiraci\u00f3.<\/p>\n<p>Quan tangibilitzem la fase d&#8217;incubaci\u00f3 mitjan\u00e7ant una idea experimentem un \u00e8xtasi del moment, una alegria indifuminable.<\/p>\n<p>Hem de revelar que el creador intueix quan se li apareix una revelaci\u00f3, percep i coneix que ha trobat aquesta idea.<\/p>\n<p>\u00c9s cert que no podem controlar el temps que hem de dedicar a la fase de la il\u00b7luminaci\u00f3, ja que hi ha creatius que en tres dies poden resoldre el seu problema o estar tota una vida intentant trobar la soluci\u00f3.<\/p>\n<p><img loading=\"lazy\" decoding=\"async\" class=\"aligncenter size-full wp-image-12733\" src=\"https:\/\/sociedaddelainnovacion.es\/wp-content\/uploads\/2017\/09\/creativitat2.jpg\" alt=\"\" width=\"2800\" height=\"2068\" \/><\/p>\n<h2>4.\u00a0Verificaci\u00f3 o revisi\u00f3<\/h2>\n<p>Finalment, el creatiu s&#8217;enfronta a la realitat amb la seva idea per davant. Ha de validar aquesta proposta amb l&#8217;usuari real, mitjan\u00e7ant el <em>feedback<\/em> corresponent.<\/p>\n<p>En aquesta fase experimentem la intu\u00efci\u00f3 del creador. Aquesta li diu que la idea ha arribat al seu punt final i, per tant, hi ha pocs dubtes sobre la seva adequaci\u00f3 a la realitat.<\/p>\n<p>Aquesta comprovaci\u00f3 determina de manera concloent que la seva inspiraci\u00f3 \u00e9s possible i \/ o realitzable. \u00c9s per aix\u00f2 que testejar\u00e0 la seva inspiraci\u00f3, aplicant una soluci\u00f3 pilot que pugui interactuar amb l&#8217;usuari (MVP, <em>minimum viable product<\/em>). Aix\u00ed anem a obtindrem una valoraci\u00f3 de la seva suposada inspiraci\u00f3, adoptant les exig\u00e8ncies de les valoracions.<\/p>\n<p>En aquesta fase realitzarem tres passos fonamentals per arribar a l&#8217;execuci\u00f3 final de la soluci\u00f3. Primer <strong>construirem<\/strong> la inspiraci\u00f3 per poder-la <strong>mostrar<\/strong> al nostre usuari i <strong>aprendre<\/strong> de la interacci\u00f3 i \/ o <em>feedback<\/em> donat per aquest.<\/p>\n<p>En aquesta \u00faltima fase l&#8217;estat ps\u00edquic ja es troba estable, ja confia i es concentra en realitzar els \u00faltims detalls. Ja tenim el cam\u00ed tra\u00e7at i l&#8217;avi\u00f3 a aconseguit aterrar amb \u00e8xit al seu nou dest\u00ed.<\/p>\n<p><em>Informaci\u00f3 extreta del llibre &#8220;Creativitat i Comunicaci\u00f3 persuasiva&#8221;, de Jos\u00e9 Mar\u00eda Ricarte Besc\u00f3s. <\/em><\/p>\n<p><em>Fotos: Unsplash<\/em><\/p>\n<p>Si t&#8217;interessa el proc\u00e9s creatiu, fes una ulla a aquests posts:<\/p>\n<p><a href=\"http:\/\/www.societatdelainnovacio.cat\/entrevista-blaumut-proces-creatiu\/\" target=\"_blank\" rel=\"noopener noreferrer nofollow\">Entrevista a Blaumut. El proc\u00e9s creatiu<\/a>, per SDLI<\/p>\n<p><a href=\"https:\/\/www.sociedaddelainnovacion.es\/5-formas-de-implicar-a-los-estudiantes-en-los-procesos-creativos\/\" target=\"_blank\" rel=\"noopener noreferrer\">5 maneres d&#8217;implicar els estudiants en els processos creatius<\/a>, per SDLI<\/p>\n<p><a href=\"http:\/\/blog.agencialanave.com\/el-proceso-creativo-segun-edward-de-bono-como-potenciarlo-y-cuales-son-sus-fases\/\" target=\"_blank\" rel=\"noopener noreferrer nofollow\">El proceso creativo seg\u00fan Edward De Bono<\/a>, per Agencia La Nave<\/p>\n<p><a href=\"http:\/\/livingwithchoco.com\/ken-robinson-se-creativo-y-equivocate\/\" target=\"_blank\" rel=\"noopener noreferrer nofollow\">Ken Robinson: s\u00e9 creativo y equiv\u00f3cate!<\/a>, per Living with Choko<\/p>\n","protected":false},"excerpt":{"rendered":"<p>Les idees disruptives no surten aix\u00ed com aix\u00ed i \u00e9s un proc\u00e9s el qual, sent conscient d&#8217;ell, podem viatjar en aquest m\u00f3n creatiu.<\/p>\n","protected":false},"author":21,"featured_media":56950,"comment_status":"open","ping_status":"open","sticky":false,"template":"","format":"standard","meta":{"_acf_changed":false,"footnotes":""},"categories":[191,171],"tags":[],"class_list":["post-43385","post","type-post","status-publish","format-standard","has-post-thumbnail","hentry","category-cultura-dinnovacio","category-metodologies-dinnovacio"],"acf":[],"_links":{"self":[{"href":"https:\/\/sociedaddelainnovacion.es\/ca\/wp-json\/wp\/v2\/posts\/43385","targetHints":{"allow":["GET"]}}],"collection":[{"href":"https:\/\/sociedaddelainnovacion.es\/ca\/wp-json\/wp\/v2\/posts"}],"about":[{"href":"https:\/\/sociedaddelainnovacion.es\/ca\/wp-json\/wp\/v2\/types\/post"}],"author":[{"embeddable":true,"href":"https:\/\/sociedaddelainnovacion.es\/ca\/wp-json\/wp\/v2\/users\/21"}],"replies":[{"embeddable":true,"href":"https:\/\/sociedaddelainnovacion.es\/ca\/wp-json\/wp\/v2\/comments?post=43385"}],"version-history":[{"count":0,"href":"https:\/\/sociedaddelainnovacion.es\/ca\/wp-json\/wp\/v2\/posts\/43385\/revisions"}],"wp:featuredmedia":[{"embeddable":true,"href":"https:\/\/sociedaddelainnovacion.es\/ca\/wp-json\/wp\/v2\/media\/56950"}],"wp:attachment":[{"href":"https:\/\/sociedaddelainnovacion.es\/ca\/wp-json\/wp\/v2\/media?parent=43385"}],"wp:term":[{"taxonomy":"category","embeddable":true,"href":"https:\/\/sociedaddelainnovacion.es\/ca\/wp-json\/wp\/v2\/categories?post=43385"},{"taxonomy":"post_tag","embeddable":true,"href":"https:\/\/sociedaddelainnovacion.es\/ca\/wp-json\/wp\/v2\/tags?post=43385"}],"curies":[{"name":"wp","href":"https:\/\/api.w.org\/{rel}","templated":true}]}}