{"id":43450,"date":"2018-05-31T08:05:44","date_gmt":"2018-05-31T08:05:44","guid":{"rendered":"https:\/\/sociedaddelainnovacion.es\/lhome-la-recerca-sentit-defineix-teu-proposit\/"},"modified":"2025-02-09T16:30:24","modified_gmt":"2025-02-09T16:30:24","slug":"lhome-la-recerca-sentit-defineix-teu-proposit","status":"publish","type":"post","link":"https:\/\/sociedaddelainnovacion.es\/ca\/lhome-la-recerca-sentit-defineix-teu-proposit\/","title":{"rendered":"L&#8217;home a la recerca de sentit: Defineix el teu prop\u00f2sit"},"content":{"rendered":"<p>Ja he parlat amb anterioritat de la necessitat de donar un sentit, m\u00e9s enll\u00e0 del financer, a les persones i organitzacions del segle XXI. Et parlo a tu, l\u00edder (d&#8217;una empresa, d&#8217;un equip, l\u00edder del teu projecte): defineix el teu prop\u00f2sit.<\/p>\n<p>A la Flor\u00e8ncia del S. XV ja ho sabien. Per\u00f2 l&#8217;evoluci\u00f3 ens ha portat a realitats en les que \u00a0<a href=\"https:\/\/www.forbes.com\/sites\/roddwagner\/2017\/04\/28\/there-is-no-employee-engagement-crisis\/#121cca5b75a5\" target=\"_blank\" rel=\"noopener noreferrer nofollow\">al voltant d\u2019un 70% de la poblaci\u00f3 viu desmotivada amb la seva feina<\/a>, gaireb\u00e9 deprimida, falta de motivaci\u00f3, i aix\u00f2 malgrat haver millorat el benestar econ\u00f2mic i financer. Quin sistema hem creat que juga en contra nostre?<\/p>\n<p>Corrupci\u00f3 i empreses que es mouen nom\u00e9s per all\u00f2 econ\u00f2mic s\u00f3n el dia a dia. L\u00edder d&#8217;avui, tens una responsabilitat per canviar aquesta realitat. S\u00f3n molts els reptes com perqu\u00e8 no ens decidim a actuar m\u00e9s enll\u00e0 del benefici econ\u00f2mic. On quedar\u00e0, sin\u00f3, l&#8217;\u00e9sser hum\u00e0 en aquesta revoluci\u00f3 tecnol\u00f2gica? <a href=\"https:\/\/www.sociedaddelainnovacion.es\/homo-deus-la-innovacion-transhumana-la-unica-opcion-nos-queda\/\" target=\"_blank\" rel=\"noopener noreferrer\">Llegim <em>Homo Deus<\/em> per pensar en el futur de l\u2019home en la societat tecnol\u00f2gica<\/a>.<\/p>\n<h2><strong>La hist\u00f2ria de Victor Frankl, a la recerca d&#8217;un prop\u00f2sit<\/strong><\/h2>\n<p>Per\u00f2 parlem avui de Viktor Frankl, neur\u00f2leg i psic\u00f2leg que va renunciar el 1941 a un visat als Estats Units que li podia haver evitat els camps de concentraci\u00f3 a ell i a la seva dona. Per\u00f2 es va quedar, per ajudar els seus pares en cas de deportaci\u00f3.<\/p>\n<p>Qu\u00e8 et pot ensenyar sobre el sentit de la vida una persona que, com a conseq\u00fc\u00e8ncia d&#8217;aquesta decisi\u00f3, va perdre a la seva dona embarassada i als seus pares en els camps de concentraci\u00f3 nazis?<\/p>\n<p>Frankl, aix\u00f2 s\u00ed, va sobreviure a quatre camps de concentraci\u00f3 que tenien unes r\u00e0tios de superviv\u00e8ncia de 1\/28, i va desenvolupar, a trav\u00e9s de la seva experi\u00e8ncia a Auswistch, el concepte de la <a href=\"https:\/\/es.wikipedia.org\/wiki\/Logoterapia\" target=\"_blank\" rel=\"noopener noreferrer nofollow\"><strong>logoter\u00e0pia<\/strong><\/a>, basat en que la salut mental i la superviv\u00e8ncia de l&#8217;home ve mirant al futur, m\u00e9s que indagant en el passat (tal com treballa la psicologia tradicional).<\/p>\n<p>No es tracta, doncs, de demanar sentit a la vida. <strong>La vida ens demana a nosaltres que li posem sentit cada dia!<\/strong><\/p>\n<p>No hi ha un sentit per a tots nosaltres, cadasc\u00fa donem sentit amb les nostres accions i conductes.<\/p>\n<p>Perqu\u00e8 a cada un se&#8217;ns d\u00f3na una situaci\u00f3 personal \u00fanica, cada un de nosaltres tenim un sentit \u00fanic i diferent al dels altres. Que, a m\u00e9s, \u00e9s canviant en cada moment.<\/p>\n<p>Demanar-li sentit a la vida \u00e9s per tant na\u00eff, com si el sentit fos una cosa de valor que aconsegueixes o se&#8217;t d\u00f3na en algun moment de la vida.<\/p>\n<figure id=\"attachment_16090\" aria-describedby=\"caption-attachment-16090\" style=\"width: 1200px\" class=\"wp-caption aligncenter\"><img loading=\"lazy\" decoding=\"async\" class=\"size-full wp-image-16090\" src=\"https:\/\/sociedaddelainnovacion.es\/wp-content\/uploads\/2018\/02\/Viktor-Frankl.jpg\" alt=\"Viktor Frankl\" width=\"1200\" height=\"630\" \/><figcaption id=\"caption-attachment-16090\" class=\"wp-caption-text\">Viktor Frankl (foto: Psicolog\u00eda y Mente)<\/figcaption><\/figure>\n<p>Pensa en aquest, Victor Frankl encara desconegut, recl\u00fas en un camp de concentraci\u00f3. Que dorm a l&#8217;aire lliure i sense mantes en ple hivern alemany, que s&#8217;aixeca a les quatre del mat\u00ed per anar a l&#8217;obra al crit (i a cops) del nazi de torn. Que veu di\u00e0riament com a companys s&#8217;abalancen sobre les tanques electrificades buscant una sortida&#8230; Quin sentit t\u00e9? Com podem demanar-li que aquest recl\u00fas li trobi un sentit a la vida? Qu\u00e8 li ha donat la vida, com perqu\u00e8 ell pensi en aquest tipus de sentit? De fet, en els camps, ja van passar de l&#8217;etapa de demanar un sentit a la vida. Ja van entendre que el sentit de la vida va m\u00e9s enll\u00e0 de la vida d&#8217;un&#8230;<\/p>\n<p><strong>La logoter\u00e0pia: atorga un sentit i un prop\u00f2sit a tot el que et passi i facis<\/strong><\/p>\n<p>A la vida d&#8217;un, m\u00e9s que demanar sentit, el que podem fer \u00e9s DONAR sentit, en les circumst\u00e0ncies que t&#8217;hagin tocat. En el cas de Frankl, fins i tot si les circumst\u00e0ncies que t&#8217;han tocat s\u00f3n les del sofriment infinit en un camp de concentraci\u00f3. Explica Frankl que els casos t\u00edpics de su\u00efcidi en els camps, les potencials su\u00efcides argumentaven que &#8220;ja no tenien res a esperar de la vida&#8221;.<\/p>\n<p>Que important \u00e9s adonar-se que \u00e9s la vida qui espera alguna cosa de nosaltres!<\/p>\n<p>Tenir cura d&#8217;un germ\u00e0, acabar una obra important per publicar, assegurar el futur d&#8217;un fill&#8230; Funciona a l&#8217;inrev\u00e9s! Donem sentit a la vida. No esperem que vingui. Perqu\u00e8 res vindr\u00e0.<\/p>\n<p>El problema \u00e9s que <strong>no ens atrevim moltes vegades a decidir quin \u00e9s el sentit que volem donar-li.<\/strong> Ser\u00e0 llavors que som una societat massa acomodada? Massa vaga, massa immadura? I, en conseq\u00fc\u00e8ncia, desmotivada?<\/p>\n<p>Perqu\u00e8 quan trobem aquest &#8220;perqu\u00e8&#8221;, deia Nietzsche, podem suportar gaireb\u00e9 qualsevol &#8220;com&#8221;.<\/p>\n<p>Llegeix aix\u00f2 i despr\u00e9s repeteix aquesta situaci\u00f3 en la teva ment, tancant els ulls: &#8220;Si ens toca morir&#8221;, els va dir Frankl a la resta de reclusos una nit de desesperaci\u00f3 sense llum ni abric al camp, &#8220;fem-ho amb orgull i dignitat. Sabent com morir. Sabent per qu\u00e8 morim. Sabent com \u00e9s el llegat de cadasc\u00fa.&#8221;<\/p>\n<p><strong>L&#8217;home, per la seva salut mental, no necessita viure en una tranquil\u00b7la relaxaci\u00f3 mental, sin\u00f3 m\u00e9s aviat en una tensi\u00f3 controlada per aconseguir un objectiu escollit lliurement, i coneixent-se a un mateix.<\/strong><\/p>\n<p>La salut mental i la pr\u00f2pia superviv\u00e8ncia es basen en mantenir aquesta tensi\u00f3 entre el que som i el que volem ser. \u00a1Aquest \u00e9s el nostre sentit!<\/p>\n<p>Frankl anomena a aquesta filosofia, convertida en ter\u00e0pia, <strong>logoter\u00e0pia<\/strong>, i es basa en la idea que la soluci\u00f3 no &#8220;es troba&#8221; dins, sin\u00f3 que &#8220;es fa&#8221; a la realitat, all\u00e0 fora, a trav\u00e9s de l&#8217;acci\u00f3.<\/p>\n<p>I per a aquells aclaparats i estancats en la inacci\u00f3 buscant que arribi un sentit a la vida, Frankl recomana un parell de t\u00e8cniques:<\/p>\n<p>&#8211; Pensa que el present ja va ser, ja vas cometre l&#8217;error, i actua ara (aquesta segona vegada que se t&#8217;ha donat) com t&#8217;hauria agradat fer-ho.<\/p>\n<p>&#8211; Imagina que tens 80 anys. I digues en veu alta com et sents sobre la teva vida (\u00bfva ser un frac\u00e0s o un \u00e8xit?), Tenint en compte que no canvies res des del dia d&#8217;avui fins a arribar a aquesta edat.<\/p>\n<p>La pr\u00f2pia hist\u00f2ria personal de Frankl, sobrevivint a quatre camps de concentraci\u00f3, i especialista en dos camps com la neurologia i la psicologia, li permet assegurar que tot i l&#8217;evid\u00e8ncia de la manca de llibertat de l&#8217;home com a &#8220;producte biol\u00f2gic&#8221; afectat per l\u2019entorn, l&#8217;\u00e9sser hum\u00e0 \u00e9s capa\u00e7 de superar les condicions m\u00e9s adverses, i lliure de prendre decisions. No acceptem per tant que no som lliures. Estem condicionats, s\u00ed, per\u00f2 som lliures d&#8217;escollir el nostre futur i el sentit que li donarem.<\/p>\n<p><img loading=\"lazy\" decoding=\"async\" class=\"aligncenter size-full wp-image-16091\" src=\"https:\/\/sociedaddelainnovacion.es\/wp-content\/uploads\/2018\/02\/Frankl-18-2-22.jpg\" alt=\"\" width=\"1280\" height=\"720\" \/><\/p>\n<p>I com a tal, Frankl proposa una veritat m\u00e9s gran, la de la responsabilitat. La responsabilitat de la llibertat, l&#8217;acci\u00f3 responsable, per donar un sentit en positiu davant la provisionalitat de la nostra exist\u00e8ncia, cap a nosaltres, per\u00f2, sobretot, cap als altres.<\/p>\n<p>Click to tweet\u00e0 \u201cEl l\u00edder d&#8217;una organitzaci\u00f3 innovadora en el S. XXI defineix el seu prop\u00f2sit i el treballa di\u00e0riament. I sap ajudar a altres a desenvolupar el seu. \u201c<\/p>\n<p>Aquest \u00e9s l&#8217;\u00fanic cam\u00ed que ens queda. La resta, \u00e9s tecnologia.<\/p>\n<p><strong><em>L\u00edder del segle XXI&#8230; Ja has definit el teu prop\u00f2sit?<\/em><\/strong><\/p>\n<p>Si t&#8217;agrada el tema i busques m\u00e9s inspiracions, et recomanem els seg\u00fcents enlla\u00e7os:<\/p>\n<p><a href=\"https:\/\/elpais.com\/cultura\/2018\/02\/07\/actualidad\/1517989873_086219.html\" target=\"_blank\" rel=\"noopener noreferrer nofollow\">Ahora uno se explota a s\u00ed mismo y cree que est\u00e1 realiz\u00e1ndose<\/a>, entrevista de Byung-Chul Han a El Pa\u00eds<\/p>\n<p><a href=\"http:\/\/www.societatdelainnovacio.cat\/innova-mor-benvingut-la-societat-la-innovacio\/\" target=\"_blank\" rel=\"noopener noreferrer nofollow\">Innova o mor: benvingut a la Societat de la Innovaci\u00f3<\/a>, de SDLI<\/p>\n<p><a href=\"https:\/\/www.youtube.com\/watch?v=k6JeEkaaBt4\" target=\"_blank\" rel=\"noopener noreferrer nofollow\">Entrevista al Dr. Viktor Frankl<\/a>, YouTube<\/p>\n<p><a href=\"http:\/\/www.societatdelainnovacio.cat\/26-llicons-lideratge-del-renaixement-florencia-cosimo-medici-part-1\/\" target=\"_blank\" rel=\"noopener noreferrer nofollow\">26 lli\u00e7ons de lideratge del Renaixement a Flor\u00e8ncia<\/a>, de SDLI<\/p>\n","protected":false},"excerpt":{"rendered":"<p>Frankl anomena a aquesta filosofia, convertida en ter\u00e0pia, logoter\u00e0pia, i es basa en la idea que la soluci\u00f3 no &#8220;es troba&#8221; dins, sin\u00f3 que &#8220;es fa&#8221; a la realitat, all\u00e0 fora, a trav\u00e9s de l&#8217;acci\u00f3.<\/p>\n","protected":false},"author":70,"featured_media":49641,"comment_status":"open","ping_status":"open","sticky":false,"template":"","format":"standard","meta":{"_acf_changed":false,"footnotes":""},"categories":[191,1016],"tags":[],"class_list":["post-43450","post","type-post","status-publish","format-standard","has-post-thumbnail","hentry","category-cultura-dinnovacio","category-llibres-dinnovacio"],"acf":[],"_links":{"self":[{"href":"https:\/\/sociedaddelainnovacion.es\/ca\/wp-json\/wp\/v2\/posts\/43450","targetHints":{"allow":["GET"]}}],"collection":[{"href":"https:\/\/sociedaddelainnovacion.es\/ca\/wp-json\/wp\/v2\/posts"}],"about":[{"href":"https:\/\/sociedaddelainnovacion.es\/ca\/wp-json\/wp\/v2\/types\/post"}],"author":[{"embeddable":true,"href":"https:\/\/sociedaddelainnovacion.es\/ca\/wp-json\/wp\/v2\/users\/70"}],"replies":[{"embeddable":true,"href":"https:\/\/sociedaddelainnovacion.es\/ca\/wp-json\/wp\/v2\/comments?post=43450"}],"version-history":[{"count":0,"href":"https:\/\/sociedaddelainnovacion.es\/ca\/wp-json\/wp\/v2\/posts\/43450\/revisions"}],"wp:featuredmedia":[{"embeddable":true,"href":"https:\/\/sociedaddelainnovacion.es\/ca\/wp-json\/wp\/v2\/media\/49641"}],"wp:attachment":[{"href":"https:\/\/sociedaddelainnovacion.es\/ca\/wp-json\/wp\/v2\/media?parent=43450"}],"wp:term":[{"taxonomy":"category","embeddable":true,"href":"https:\/\/sociedaddelainnovacion.es\/ca\/wp-json\/wp\/v2\/categories?post=43450"},{"taxonomy":"post_tag","embeddable":true,"href":"https:\/\/sociedaddelainnovacion.es\/ca\/wp-json\/wp\/v2\/tags?post=43450"}],"curies":[{"name":"wp","href":"https:\/\/api.w.org\/{rel}","templated":true}]}}