{"id":43456,"date":"2022-03-31T13:28:09","date_gmt":"2022-03-31T13:28:09","guid":{"rendered":"https:\/\/sociedaddelainnovacion.es\/entrevista-miquel-llull-riera-emprendedor-cirque-du-soleil\/"},"modified":"2025-02-05T12:33:34","modified_gmt":"2025-02-05T12:33:34","slug":"entrevista-miquel-llull-riera-emprendedor-cirque-du-soleil","status":"publish","type":"post","link":"https:\/\/sociedaddelainnovacion.es\/ca\/entrevista-miquel-llull-riera-emprendedor-cirque-du-soleil\/","title":{"rendered":"Entrevista a Miquel Llull Riera, un emprenedor al Cirque du Soleil"},"content":{"rendered":"<p>Qu\u00e8 tenen en com\u00fa la m\u00fasica, l\u2019esperit emprenedor, la cuina, l\u2019enginyeria i el Cirque du Soleil? La resposta \u00e9s <a href=\"https:\/\/www.linkedin.com\/in\/miquelllull\/\" target=\"_blank\" rel=\"noopener noreferrer nofollow\">Miquel Llull Riera<\/a>, un jove mallorqu\u00ed de 27 anys que es considera un \u201cenginyer diferent\u201d. Amb una traject\u00f2ria que va des de construir robots fins a ser Electronic Maintenance Cordinator a l\u2019espectacle <a href=\"https:\/\/www.cirquedusoleil.com\/es\/volta\" target=\"_blank\" rel=\"noopener noreferrer nofollow\">Volta del Cirque du Soleil<\/a>, en Miquel ens explica, en una entrevista exclusiva, la seva traject\u00f2ria professional, quina relaci\u00f3 t\u00e9 amb la innovaci\u00f3 i com \u00e9s un dia \u201cnormal\u201d al circ m\u00e9s gran del m\u00f3n.<\/p>\n<h2><strong>Bon dia Miquel, com est\u00e0s? Estem molt contents de poder fer-te una entrevista. Poder parlar amb un enginyer que treballa al Cirque du Soleil \u00e9s un repte realment creatiu.<\/strong><\/h2>\n<p>Encantat. Moltes gr\u00e0cies! Tothom t\u00e9 alguna cosa que el fa especial.<\/p>\n<h2><strong>Per\u00f2, com arriba alg\u00fa de Manacor al Cirque du Soleil? Explica\u2019ns una mica l\u2019inici de la teva carrera. A casa desmuntaves tots els trastos que tocaves? A qu\u00e8 jugaves de menut?<\/strong><\/h2>\n<p>Clar. Els primers passos cap a Cirque du Soleil van arribar perqu\u00e8 jo vaig anar a veure un espectacle que em va impressionar molt. Vaig pensar: \u201cuau, que xulo! M\u2019agradaria fer feina en un lloc com aquest\u201d. D\u2019aix\u00f2 deu fer ja dos anyets i mig. Des del moment que vaig veure aquest darrer espectacle a Tarragona vaig saber que aix\u00f2 m\u2019interessava. Me n\u2019hi vaig anar un dia tot sol perqu\u00e8 estava atabalat de fer feina a Barcelona \u2013 (<em>fent broma diu que a Barcelona a l\u2019estiu no hi ha ning\u00fa i es sentia sol<\/em>). Aix\u00ed que vaig decidir partir sol i em va impressionar molt. A l\u2019acabar, vaig voler anar a mirar la web perqu\u00e8 volia saber si tenien una borsa de treball. I s\u00ed! Hi havia ofertes de feina. Vaig aplicar per una i, al cap de sis o set mesos, em van contactar. Jo havia aplicat per a fer de cap de manteniment electr\u00f2nic. Em van fer 3 entrevistes per aquesta posici\u00f3 i, finalment, el director t\u00e8cnic em va escriure un correu molt llarg i personal dient que finalment no m\u2019agafaven a mi. Que triaven a una altra persona perqu\u00e8 jo no tenia gens d\u2019experi\u00e8ncia en aquest sector, per\u00f2 que el perfil li agradava molt i que em recomanaria per altres espectacles. Va ser un no, molt adornat, per\u00f2 un no.<\/p>\n<p>Al cap d\u2019un parell de setmanes, em va tornar a contactar i em va oferir una posici\u00f3 al departament d\u2019il\u00b7luminaci\u00f3. Vaig decidir provar-ho, ja que en aquestes empreses grans \u00e9s usual entrar una mica pel lateral per a poder arribar a treballar a on tu vols. I va ser aix\u00ed. Em van fer 3 entrevistes m\u00e9s i, finalment, em van contractar. Me\u2019n vaig anar a Montreal (vaig marxar el dia 2 de gener del 2017) per a fer 4 mesos de creaci\u00f3 d\u2019espectacle molt d\u2019intensos per\u00f2 alhora molt frustrants per com funcionen les coses all\u00e0 dins durant els per\u00edodes de creaci\u00f3. Passats aquests 4 mesos v\u00e0rem desmuntar l\u2019estudi i vam muntar la carpa. Com que l\u2019espectacle era nou, vam estar un parell de mesos assajant i fent proves a la carpa. Finalment, vam estrenar a l\u2019abril. I Des de llavors hem estat fent gira a Nord-Am\u00e8rica, sent l\u2019\u00faltima parada que vam fer Miami. Jo vaig decidir marxar perqu\u00e8 la idea que ten\u00edem amb el director t\u00e8cnic \u00e9s que jo em podia estar en el departament d\u2019il\u00b7luminaci\u00f3 1 any, i si durant aquest any sortien noves oportunitats de fer feina d\u2019enginyer me les oferirien a mi (perqu\u00e8, en aquell moment, jo feia algunes tasques d\u2019enginyeria per\u00f2 no era la meva funci\u00f3 principal). Aix\u00ed que, passat aquest any, vaig\u00a0 tornar a Mallorca, on no havia viscut des de feia 9 anys. Quan portava dues setmanes a Mallorca em van tornar a contactar i em van oferir la posici\u00f3 de cap de manteniment electr\u00f2nic en el mateix espectacle. Una cosa que no m\u2019hauria imaginat mai, despr\u00e9s d\u2019haver-me acomiadat de tothom&#8230;!<\/p>\n<h2><strong>Tu vas fer enginyeria a Salesians. Tenies clar que volies ser enginyer?<\/strong><\/h2>\n<p>Quan anava a l\u2019institut estava entre medicina i enginyeria per\u00f2 cada vegada, si analitzava el meu comportament i el que estava fent, veia de manera m\u00e9s clara que pertanyia al m\u00f3n de la creativitat tecnol\u00f2gica. Des de petit connectava coses a coses que no es poden connectar i inventava petits objectes que f\u00e8ien coses. El cert \u00e9s que no s\u00e9 com no vaig morir electrocutat, de petit! Feia molts, molts experiments!<\/p>\n<p>A la universitat vaig fer dues enginyeries alhora. Vaig cursar les dues carreres en quatre anys a l\u2019EUSS (Escola Universit\u00e0ria Salesiana de Sarri\u00e0) i despr\u00e9s vaig cursar un m\u00e0ster de dos anys a la UPC (Universitat Polit\u00e8cnica de Catalunya). Personalment i arran de la meva experi\u00e8ncia en les dues institucions, vaig notar difer\u00e8ncies com el comprom\u00eds del professorat, el material de les aules, la facilitat i proximitat que demostrava tot el personal a l\u2019hora de resoldre dubtes o solucionar problemes, l\u2019actualitzaci\u00f3 constant de les pr\u00e0ctiques de laboratori&#8230; Al final s\u00f3n dues universitats on hi vas a classe i hi estudies molt, per\u00f2 l\u2019experi\u00e8ncia\u00a0 durant aquest proc\u00e9s \u00e9s m\u00e9s agradable si se\u2019n cuiden de tu i t\u2019acompanyen millor durant el cam\u00ed, com van fer amb mi a l\u2019EUSS.<\/p>\n<p>De fet, el que em va portar a l\u2019EUSS va ser la recomanaci\u00f3 d\u2019una professora de l\u2019institut on anava, a Mallorca; qui va insistir perqu\u00e8 fes les dues titulacions a la vegada. Penso que \u00e9s una de les millors decisions que he pres mai i per aix\u00f2 li estic immensament agra\u00eft (sobretot quan ara veig el clar que has de veure les coses en una situaci\u00f3 aix\u00ed quan ets un professor com per a fer aquesta recomanaci\u00f3 tan important).<\/p>\n<h2><strong>Quines feines has fet abans? Crec que has estat a Apple, has muntat la teva empresa, la universitat\u2026<\/strong><\/h2>\n<p>Les feines del meu passat m\u2019han aportat molt. Crec que s\u00f3n un component important, tant per a valer-se m\u00e9s econ\u00f2micament durant el proc\u00e9s d\u2019estudi per a saber el que costa aconseguir les coses: tant a nivell personal com a nivell professional.<\/p>\n<p>Personalment, on he madurat m\u00e9s \u00e9s fent la meva pr\u00f2pia empresa, ja que aprens no nom\u00e9s a gestionar coses extres com temes de facturaci\u00f3 o relacions amb clients sin\u00f3 tamb\u00e9 a espavil\u00b7lar-te i a veure que el que t\u2019han ensenyat a la universitat no serveix directament, sense abans impregnar-te de m\u00e9s coneixement per a poder aplicar totes les coses que has anat aprenent. D\u2019alguna manera o altra, s\u2019apr\u00e8n a tirar endavant s\u00ed o s\u00ed.<\/p>\n<p>Una de les habilitats adquirides que considero m\u00e9s importants \u00e9s saber destriar i filtrar informaci\u00f3 (de tota la muntanya immensa de la que disposem avui en dia) i d\u2019assimilar-la r\u00e0pidament.<\/p>\n<figure id=\"attachment_16322\" aria-describedby=\"caption-attachment-16322\" style=\"width: 960px\" class=\"wp-caption aligncenter\"><img loading=\"lazy\" decoding=\"async\" class=\"wp-image-16322 size-full\" src=\"http:\/\/www.societatdelainnovacio.cat\/wp-content\/uploads\/2018\/03\/Miquel-Llull-en-un-montaje-para-Cirque-du-Soleil.jpg\" alt=\"Miquel Llull en un montatge per a Cirque du Soleil\" width=\"960\" height=\"1280\" \/><figcaption id=\"caption-attachment-16322\" class=\"wp-caption-text\">Miquel Llull en un montatge per a Cirque du Soleil<\/figcaption><\/figure>\n<h2><strong>Per\u00f2 tamb\u00e9 fas de cuiner (<\/strong><a href=\"https:\/\/www.youtube.com\/watch?v=9ZBfjVEZIIo\" target=\"_blank\" rel=\"noopener noreferrer nofollow\">tenim v\u00eddeos!!<\/a><strong>) de m\u00fasic. La cuina i la m\u00fasica son espais creatius i maker! Qu\u00e8 t\u2019aporten a nivell personal i professional?<\/strong><\/h2>\n<p>No s\u00e9 si incialment em va servir gaire perqu\u00e8 quan vaig acabar la universitat vaig tenir dilemes importants sobre qu\u00e8 fer.<\/p>\n<p>Ara considero que \u00e9s una cosa positiva i, a Cirque du Soleil, puc fer v\u00e0ries coses de les que m\u2019interessen (de les que en realitat necessito per a poder estar b\u00e9) alhora. Hi ha una cuina amb 4 xefs on m\u2019hi han deixat fer pastissos, pans, ensa\u00efmades&#8230; Hi ha una banda que toca en directe durant la funci\u00f3 i he gravat can\u00e7ons amb ells&#8230; i aix\u00f2 est\u00e0 molt b\u00e9, perqu\u00e8 et permet desenvolupar m\u00e9s en altres disciplines que comparteixes amb companys i que t\u2019uneixen m\u00e9s a ells.<\/p>\n<h2><strong>Com et van rebre en el Cirque du Soleil? Com va ser el primer dia? <\/strong><\/h2>\n<p>Hi havia poca gent nova. Crec que en total \u00e9rem 4 persones noves que havien contractat pel nou equip. Imagina\u2019t, tothom estava all\u00e0 en la seva salsa, tothom coneixia a tothom i al principi et sents una mica estrany per\u00f2 tot i ser una empresa tan gran i amb treballadors repartits per tot el m\u00f3n, acaba sent molt familiar. I tothom et coneix pel nom i et tracta molt b\u00e9. Aix\u00f2 t\u2019obre moltes portes i et fa sentir com a casa. Una cosa sens dubte molt important quan tens una vida n\u00f2mada.<\/p>\n<h2><strong>Com \u00e9s un dia al Cirque du Soleil? (no m\u2019atreveixo a dir un dia qualsevol!) Convius amb els artistes?<\/strong><\/h2>\n<p>\u00c9s molt natural. Vivim en apartaments que solen estar molt b\u00e9 i cada dia anem a treballar junts amb un bus que ens posen. No hi ha cap discriminaci\u00f3 per si ets t\u00e8cnic, enginyer, artista o director de la companyia. Tothom t\u00e9 les mateixes condicions. Despr\u00e9s, evidentment, cadasc\u00fa fa la seva feina per\u00f2 la interacci\u00f3 entre treballadors \u00e9s molt natural. S\u2019hi est\u00e0 molt b\u00e9.<\/p>\n<p>El moment de la creaci\u00f3 de l\u2019espectacle va ser una mica feixuc. Hi ha dos equips t\u00e8cnics i dos art\u00edstics. En la part t\u00e8cnica hi ha un equip que fa feina durant 7 o 9 mesos que \u00e9s el proc\u00e9s de creaci\u00f3 de l\u2019espectacle com a tal des de zero. I despr\u00e9s hi ha l\u2019altre equip t\u00e8cnic que \u00e9s qui fa relleu i s\u2019end\u00fa l\u2019espectacle de gira durant 12 anys aproximadament. Aquest \u00faltim equip entra en els darrers 4 mesos de creaci\u00f3. Llavors l\u2019escenari ja est\u00e0 muntat, les coses fetes a mida van arribant&#8230; aix\u00ed que tot ja est\u00e0 en proc\u00e9s. Es tracta d\u2019agafar el relleu, per\u00f2 no et correspon fer canvis fins passat un temps, quan veus que no tot \u00e9s tan ideal ni tan ben pensat com inicialment es plantejava.<\/p>\n<p>El que \u00e9s frustrant \u00e9s veure que hi ha coses que es podrien haver fet d\u2019una altra manera m\u00e9s eficient, robusta o f\u00e0cil, per\u00f2 no pots fer-hi res, com a molt suggeriments. Aix\u00f2 passa a tots els nivells, fins i tot a nivell de direcci\u00f3 art\u00edstica.<\/p>\n<figure id=\"attachment_16324\" aria-describedby=\"caption-attachment-16324\" style=\"width: 960px\" class=\"wp-caption aligncenter\"><img loading=\"lazy\" decoding=\"async\" class=\"wp-image-16324 size-full\" src=\"http:\/\/www.societatdelainnovacio.cat\/wp-content\/uploads\/2018\/03\/Miquel-Llull-trabajando-en-un-traje-para-el-espect\u00e1culo-de-Cirque-du-Soleil.jpg\" alt=\"Miquel Llull treballant en un vestit per l'espectacle de Cirque du Soleil\" width=\"960\" height=\"1280\" \/><figcaption id=\"caption-attachment-16324\" class=\"wp-caption-text\">Miquel Llull treballant en un vestit per l&#8217;espectacle de Cirque du Soleil<\/figcaption><\/figure>\n<h2><strong>Teniu algun espai per compartir elements creatius m\u00e9s enll\u00e0 de la vostra feina? Espais de cocreaci\u00f3, generaci\u00f3 d\u2019idees amb els artistes, empatia amb els espectadors&#8230;<\/strong><\/h2>\n<p>Aquest espectacle precisament a on estic ara t\u00e9 menys d\u2019un any i ara patir\u00e0 molts canvis. De fet, aquest mes que ve es refar\u00e0 quasi tot l\u2019espectacle. Aix\u00f2 \u00e9s bastant ins\u00f2lit perqu\u00e8 normalment nom\u00e9s es fan ajustos petits. Per\u00f2 ara hi est\u00e0 havent una etapa de redisseny i creaci\u00f3 important. En la part t\u00e8cnica d\u2019aquest proc\u00e9s \u00e9s on entrar\u00e9 jo.<\/p>\n<h2><strong>Com s\u2019ho fa un grup d\u2019artistes per passar del carrer el 1984 a ser la primera industria de l\u2019espectacle de circ, i havent creat un nou concepte?<\/strong><\/h2>\n<p>S\u2019envolten de molt talent amb gent d\u2019arreu del m\u00f3n. Tenen molt en compte la qualitat. Despr\u00e9s, tot aquest talent el necessiten envoltar de recursos tant econ\u00f2mics, com creatius, com t\u00e8cnics, i ho fan de la millor manera.<\/p>\n<p>Aix\u00ed que jo crec que l\u2019\u00e8xit ve d\u2019aqu\u00ed, d\u2019ajuntar tots aquests elements per a crear un producte \u00fanic que funciona molt b\u00e9 i que fa que la gent quedi meravellada.<\/p>\n<h2><strong>Qu\u00e8 fa que el Cirque du Soleil sigui reconegut com el circ m\u00e9s innovador del m\u00f3n?<\/strong><\/h2>\n<p>Precisament la quantitat d\u2019elements diferents, molt bons individualment, posats junts en harmonia.<\/p>\n<p>Un pot pensar que les entrades s\u00f3n molt cares per\u00f2 \u00e9s que el que hi ha al darrera \u00e9s realment impressionant.\u00a0 A Barcelona, per exemple, el circ encara no ha arribat per\u00f2 les entrades estan ja pr\u00e0cticament esgotades. La gent paga aquest preu extra per a veure un bon producte una vegada cada any o dos. \u00c9s per aix\u00f2 que ha funcionat aquest model de negoci. La gent arreu del m\u00f3n coneix el producte i est\u00e0 disposada a pagar el preu que val de manera espor\u00e0dica.<\/p>\n<h2><strong>Defineix innovaci\u00f3 en una paraula<\/strong><\/h2>\n<p>Crec que va molt lligada amb la <strong>Creativitat<\/strong>.<\/p>\n<h2><strong>Et defineixes com \u201cDifferent Engineer\u201d al teu perfil de LinkedIn,\u00a0 Ens pots explicar per qu\u00e8?<\/strong><\/h2>\n<p>Suposo que per la combinaci\u00f3 de factors i aptituds, poc relacionades entre elles (crec que aqu\u00ed est\u00e0 una mica la clau del meu perfil). All\u00e0 on convergeixen totes aquestes disciplines o inquietuds \u00e9s all\u00e0 on em trobo jo. \u00c9s un lloc on he anat a parar naturalment, escoltant-me a mi mateix.<\/p>\n<h2><strong>A nivell professional, qu\u00e8 fas per diferenciar-te, ser innovador i inspirar-te?<\/strong><\/h2>\n<p>En general, \u00e9s b\u00e0sicament cobrir necessitats. \u00c9s a dir: m\u2019inspiren les necessitats que vaig detectant involunt\u00e0riament. Sempre penso solucions per a problemes. \u00c9s una mica el meu \u201cdefecte professional\u201d. Pot arribar a fer-se compulsiu per\u00f2 detectar problemes em provoca fer cercles mentals i arribar a les solucions. A vegades m\u2019he de posar l\u00edmits, en el sentit que no pots arribar a tot. Sobretot quan tinc tamb\u00e9 un bloc de cuina, composo alguna can\u00e7\u00f3&#8230; m\u2019agrada ser actiu per\u00f2 s\u2019ha de ser conscient que no es pot estar al 100% en tot. M\u2019agradaria que el temps per a fer coses fos infinit per\u00f2, per desgr\u00e0cia, no ho \u00e9s.<\/p>\n<figure id=\"attachment_16325\" aria-describedby=\"caption-attachment-16325\" style=\"width: 1283px\" class=\"wp-caption aligncenter\"><img loading=\"lazy\" decoding=\"async\" class=\"size-full wp-image-16325\" src=\"https:\/\/sociedaddelainnovacion.es\/wp-content\/uploads\/2018\/03\/Teacle.png\" alt=\"Teacle\" width=\"1283\" height=\"628\" \/><figcaption id=\"caption-attachment-16325\" class=\"wp-caption-text\">Teacle<\/figcaption><\/figure>\n<h2><strong>Explica\u2019ns una mica la hist\u00f2ria i projectes de <\/strong><a href=\"http:\/\/teacle.com\/\" target=\"_blank\" rel=\"noopener noreferrer nofollow\">Teacle<\/a><\/h2>\n<p>Va ser un proc\u00e9s bastant natural. Jo treballava en un departament de recerca de la Universitat de Praga i all\u00e0 vaig con\u00e8ixer un home de Tarragona que era doctor en f\u00edsica de materials i tot va sortir perqu\u00e8 ell tenia un problema (evidentment).\u00a0 Em va demanar ajuda perqu\u00e8 tenia una empresa all\u00e0 a Tarragona i estaven estancats en un projecte concret. Jo llavors compaginava un m\u00e0ster a Barcelona i anava amunt i avall cap a Barcelona i Praga, aix\u00ed que vam quedar un dia i em van explicar el projecte i el problema i els hi vaig fer un gir de 180\u00ba del plantejament. Calia tornar dues passes enrere i prendre un altre cam\u00ed m\u00e9s factible. Aix\u00ed doncs, em vaig implicar en el projecte i en q\u00fcesti\u00f3 de mesos es va poder fer una cosa m\u00e9s funcional. Quan vam trobar la soluci\u00f3, jo hi havia pres molta part i aquest company meu de feina de Tarragona em va proposar muntar una empresa conjuntament i dedicar-nos a aix\u00f2. Unir disseny i enginyera per ajudar a les empreses que necessitaven executar les seves idees.<\/p>\n<h2><strong>Qu\u00e8 \u00e9s el NAT21? Qu\u00e8 \u00e9s un <em>Wireless open data sensing<\/em>? On es pot aplicar?<\/strong><\/h2>\n<p>\u00c9s un projecte nostre que vam fer per al col\u00b7legi major Penyafort-Montserrat de la Universitat de Barcelona a mode d\u2019aparell monitoritzador de soroll. B\u00e0sicament, el que interessava saber era si hi havia renou o no en els passadissos. No es volia posar c\u00e0meres de seguretat perqu\u00e8 era massa invasiu. Per\u00f2 clar, un gu\u00e0rdia de nit tot sol no podia estar controlant-ho tot. I vam dissenyar uns sensors que eren capa\u00e7os de transmetre en temps real a una aplicaci\u00f3 web el que passava a nivell de soroll. No gravava converses, nom\u00e9s deia quants decibels hi havia a cada punt dels passadissos de les deu plantes.<\/p>\n<h2><strong>Parla\u2019ns del Inverted Pendulum Robot, el teu PFC<\/strong><\/h2>\n<p>Aix\u00f2 va ser el meu projecte de final de carrera. Era molt ambici\u00f3s per fer-lo una persona tota sola. Englobava molt\u00edssimes coses; des d\u2019un disseny mec\u00e0nic que jo no sabia fer (per\u00f2 al final en vaig aprendre!), un model matem\u00e0tic i f\u00edsic complex, fins a un disseny de sistema de control, carcassa de fibres de vidre, etc. Al final n\u2019aprens molt i me\u2019n vaig sortir. S\u2019ha convertit en la icona de la universitat i \u00e9s el que duen als congressos o fires d\u2019ensenyament quan hi van.<\/p>\n<p><iframe loading=\"lazy\" src=\"https:\/\/www.youtube.com\/embed\/Awx6cuyyni0\" width=\"560\" height=\"315\" frameborder=\"0\" allowfullscreen=\"allowfullscreen\" data-mce-fragment=\"1\"><\/iframe><\/p>\n<h2><strong>L\u2019emprenedoria forma part del projecte professional, o ara est\u00e0s centrat a aprendre al m\u00e0xim del CDS?<\/strong><\/h2>\n<p>Ara mateix el tinc aparcat i sense el motor en marxa perqu\u00e8 hi ha moltes idees. Est\u00e0 a punt per a arrencar i focalitzar-se en alguna de les idees, per\u00f2, de moment, em trobo treballant molt lluny i no tinc temps per a poder dedicar-m\u2019hi. Un dia o altre, per\u00f2, penso que es posar\u00e0 en marxa segur.<\/p>\n<h2><strong>Un consell per a joves emprenedors<\/strong><\/h2>\n<p>Treballar per projectes. A mi em funciona molt. Aferra\u2019t a un projecte i acaba\u2019l. Passa sovint que es comencen moltes coses per\u00f2 se n\u2019acaben poques. Penso que una de les claus per a que vagin b\u00e9 les coses \u00e9s acabar-les.<\/p>\n<p>Evidentment que sempre es poden millorar aspectes, detalls, sobretot quan tens una mentalitat molt perfeccionista com la meva. Sempre penses que ho podries haver fet millor per\u00f2 aix\u00f2 faria allargar-ho infinitament i mai no podr\u00edem acabar res. S\u2019ha d\u2019aprendre a dir: fins aqu\u00ed hem arribat, aquests eren els objectius i els hem acomplert. Evidentment, despr\u00e9s poden apar\u00e8ixer projectes de millora, per\u00f2 s\u2019ha d\u2019anar en compte de no quedar-s\u2019hi enrocat.<\/p>\n<h2><strong>Com et defineixes?<\/strong><\/h2>\n<p>Vaig estudiar enginyeria per\u00f2, en realitat, m\u2019agraden moltes coses. Poc relacionades entre elles.<\/p>\n<p>M\u2019agrada la m\u00fasica: tocar el piano i cantar entren dins les meves coses preferides de fer. M\u2019agrada el teatre, i les arts en general. M\u2019atrau molt la cuina i, concretament, m\u2019apassiona fer pa. Aprecio la llum i els seus colors, i m\u2019inspira imaginar-me espais concrets en moments espec\u00edfics. Aprenc constantment. M\u2019agrada caminar, c\u00f3rrer, treballar en al\u00e7ades i nedar&#8230; Aix\u00ed mateix, dissenyar i construir l\u00e0mpades est\u00e0 escalant posicions en la llista. M\u2019agraden les persones i no m\u2019agraden els estereotips. Em diverteixo amb els infants i m\u2019avorreixo amb els protocols.<\/p>\n<p>Sovint cuino impulsivament o faig caminades impensablement llargues.<\/p>\n<p>Intento sempre ser gener\u00f3s i bon amic dels meus amics.<\/p>\n<p>Penso que \u00e9s dif\u00edcil descriure\u2019s a un mateix i que les pluges d\u2019idees o, millor dit, de veritats sinceres, serveixen per a fer veure qui som en realitat: quines prefer\u00e8ncies tenim.<\/p>\n<p>Anar evolucionant constantment \u00e9s important per mi. Emp\u00e8nyer reptes en el cam\u00ed i abra\u00e7ar il\u00b7lusions considero que s\u00f3n idees que cal tenir presents. Aquests camins no sempre s\u00f3n f\u00e0cils de prendre, per\u00f2 les pedres que ens hi trobem ens engronsen per a fer-nos sentir vius.<\/p>\n<h2><strong>Miquel, moltes gr\u00e0cies per l\u2019entrevista, et desitgem molta sort i esperem veure\u2019t aviat per Barcelona.<\/strong><\/h2>\n","protected":false},"excerpt":{"rendered":"<p>Qu\u00e8 tenen en com\u00fa la m\u00fasica, l\u2019esperit emprenedor, la cuina, l\u2019enginyeria i el Cirque du Soleil? La resposta \u00e9s Miquel Llull Riera, un jove mallorqu\u00ed de 27 anys que es considera un \u201cenginyer diferent\u201d. Amb una traject\u00f2ria que va des de construir robots fins a ser Electronic Maintenance Cordinator a l\u2019espectacle Volta del Cirque du<\/p>\n","protected":false},"author":9,"featured_media":49876,"comment_status":"open","ping_status":"open","sticky":false,"template":"","format":"standard","meta":{"_acf_changed":false,"footnotes":""},"categories":[425,1],"tags":[],"class_list":["post-43456","post","type-post","status-publish","format-standard","has-post-thumbnail","hentry","category-revolucion","category-sin-categorizar"],"acf":[],"_links":{"self":[{"href":"https:\/\/sociedaddelainnovacion.es\/ca\/wp-json\/wp\/v2\/posts\/43456","targetHints":{"allow":["GET"]}}],"collection":[{"href":"https:\/\/sociedaddelainnovacion.es\/ca\/wp-json\/wp\/v2\/posts"}],"about":[{"href":"https:\/\/sociedaddelainnovacion.es\/ca\/wp-json\/wp\/v2\/types\/post"}],"author":[{"embeddable":true,"href":"https:\/\/sociedaddelainnovacion.es\/ca\/wp-json\/wp\/v2\/users\/9"}],"replies":[{"embeddable":true,"href":"https:\/\/sociedaddelainnovacion.es\/ca\/wp-json\/wp\/v2\/comments?post=43456"}],"version-history":[{"count":0,"href":"https:\/\/sociedaddelainnovacion.es\/ca\/wp-json\/wp\/v2\/posts\/43456\/revisions"}],"wp:featuredmedia":[{"embeddable":true,"href":"https:\/\/sociedaddelainnovacion.es\/ca\/wp-json\/wp\/v2\/media\/49876"}],"wp:attachment":[{"href":"https:\/\/sociedaddelainnovacion.es\/ca\/wp-json\/wp\/v2\/media?parent=43456"}],"wp:term":[{"taxonomy":"category","embeddable":true,"href":"https:\/\/sociedaddelainnovacion.es\/ca\/wp-json\/wp\/v2\/categories?post=43456"},{"taxonomy":"post_tag","embeddable":true,"href":"https:\/\/sociedaddelainnovacion.es\/ca\/wp-json\/wp\/v2\/tags?post=43456"}],"curies":[{"name":"wp","href":"https:\/\/api.w.org\/{rel}","templated":true}]}}