{"id":43491,"date":"2019-11-25T16:20:43","date_gmt":"2019-11-25T16:20:43","guid":{"rendered":"https:\/\/sociedaddelainnovacion.es\/3-passos-per-canviar-ja-pla-estrategic-obsolet-per-una-estrategia-dinnovacio-agil\/"},"modified":"2025-02-06T17:06:36","modified_gmt":"2025-02-06T17:06:36","slug":"3-passos-per-canviar-ja-pla-estrategic-obsolet-per-una-estrategia-dinnovacio-agil","status":"publish","type":"post","link":"https:\/\/sociedaddelainnovacion.es\/ca\/3-passos-per-canviar-ja-pla-estrategic-obsolet-per-una-estrategia-dinnovacio-agil\/","title":{"rendered":"3 passos per canviar ja un pla estrat\u00e8gic obsolet per una estrat\u00e8gia d&#8217;innovaci\u00f3 \u00e0gil"},"content":{"rendered":"<p><em>Les empreses v\u00e9nen operant a trav\u00e9s de plans estrat\u00e8gics a 3, 5 i fins a 10 anys vista. Va arribar un punt en qu\u00e8 semblava que, sense un pla estrat\u00e8gic a llarg termini, estaves destinat al frac\u00e0s. I, segurament, era cert. Per\u00f2 aix\u00f2 era v\u00e0lid en l&#8217;era del creixement lineal. En la societat de la innovaci\u00f3, el pla estrat\u00e8gic a 5 anys ha mort, i ha de ser substitu\u00eft per una estrat\u00e8gia d&#8217;innovaci\u00f3 \u00e0gil. T\u2019explico com.<\/em><\/p>\n<p>L&#8217;\u00e8xit de la gesti\u00f3 empresarial est\u00e0 en saber on es vol anar (i per aix\u00f2 nom\u00e9s necessites un <a href=\"https:\/\/www.sociedaddelainnovacion.es\/ca\/innovar-prioritzar-teu-proposit-dempresa-al-resultat-financer\/\">prop\u00f2sit d\u2019empresa<\/a>), i un cop presa aquesta decisi\u00f3, ser capa\u00e7 d&#8217;experimentar i prendre decisions de forma \u00e0gil. Massa aspectes de la gesti\u00f3 d&#8217;empreses flueixen i s&#8217;alteren de forma accelerada, com perqu\u00e8 nosaltres ens passem el temps planificant alguna cosa que mai passar\u00e0.<\/p>\n<h2><strong>3 raons per les quals el teu pla estrat\u00e8gic est\u00e0 obsolet:<\/strong><\/h2>\n<p><strong>Els biaixos cognitius estan en els plans estrat\u00e8gics, i limiten la nostra capacitat d&#8217;innovar:<\/strong><\/p>\n<p>Recordo com si fos avui com vaig ajudar, quan era jo un jove consultor que comen\u00e7ava a entendre qu\u00e8 era aix\u00f2 del management, a elaborar un pla estrat\u00e8gic d&#8217;aquest tipus fa uns 10 anys, per a una empresa de construcci\u00f3 nacional. Un pla estrat\u00e8gic que anava a posicionar la companyia com un referent en el seu sector en 5 anys&#8230; Potser no sigui necessari dir que aquesta empresa, un cop passada la crisi econ\u00f2mica que va impactar en aquest sector m\u00e9s que en cap altre, ja no existeix. Una barreja de dos <a href=\"https:\/\/www.sociedaddelainnovacion.es\/12-sesgos-cognitivos-limitan-nuestra-capacidad-innovacion-parte-i\/\" target=\"_blank\" rel=\"noopener noreferrer\">biaixos cognitius que limiten capacitats d\u2019innovaci\u00f3<\/a>: l&#8217;elefant a la sala (no veiem el que ja \u00e9s aqu\u00ed i que canviar\u00e0 les nostres vides JA), i el cigne negre (no ens preparem per al canvi radical, perqu\u00e8 volem creure en el fons, que no ens impactar\u00e0 a nosaltres).<\/p>\n<figure id=\"attachment_17069\" aria-describedby=\"caption-attachment-17069\" style=\"width: 1092px\" class=\"wp-caption aligncenter\"><img loading=\"lazy\" decoding=\"async\" class=\"wp-image-17069 size-full\" src=\"https:\/\/sociedaddelainnovacion.es\/wp-content\/uploads\/2018\/06\/evoluci\u00f3n-del-tejido-empresarial-espa\u00f1ol.jpg\" alt=\"L'extinci\u00f3 d'empreses durant la crisi no figurava en el pla estrat\u00e8gic d'aquestes empreses... com tampoc existia una estrat\u00e8gia d'innovaci\u00f3, perqu\u00e8 en realitat, &quot;no calia&quot;.\" width=\"1092\" height=\"652\" \/><figcaption id=\"caption-attachment-17069\" class=\"wp-caption-text\">L&#8217;extinci\u00f3 d&#8217;empreses durant la crisi no figurava en el pla estrat\u00e8gic d&#8217;aquestes empreses&#8230; com tampoc existia una estrat\u00e8gia d&#8217;innovaci\u00f3, perqu\u00e8 en realitat, &#8220;no calia&#8221;.<\/figcaption><\/figure>\n<p>En la societat de la innovaci\u00f3, som molt m\u00e9s sensibles a l&#8217;impacte dels biaixos cognitius que abans. I solem caure en diversos d&#8217;aquests biaixos en els plans estrat\u00e8gics corporatius.<\/p>\n<p><strong>La tecnologia ho ha accelerat tot, no pots planificar en mercats de disrupci\u00f3:<\/strong><\/p>\n<p>El mateix any en qu\u00e8 Apple anunciava el llan\u00e7ament del <em>smartphones<\/em>, Nokia comprava per 8.000 milions de d\u00f2lars l&#8217;empresa Navteq, una de les poques al m\u00f3n que realitzava mapes. Era un moviment estrat\u00e8gic per posicionar-se al mercat de les aplicacions de geolocalitzaci\u00f3. Aquell mateix any, per\u00f2, la <em>startup<\/em> Waze, es va aprofitar de la tecnologia que ofereixen els <em>smartphones<\/em> per crear mapes i una aplicaci\u00f3 de <em>geolocalitzaci\u00f3<\/em> sense necessitat de cap tipus d&#8217;infraestructura per fer mapes.<\/p>\n<figure id=\"attachment_17070\" aria-describedby=\"caption-attachment-17070\" style=\"width: 531px\" class=\"wp-caption aligncenter\"><img loading=\"lazy\" decoding=\"async\" class=\"wp-image-17070 size-full\" src=\"https:\/\/sociedaddelainnovacion.es\/wp-content\/uploads\/2018\/06\/Aceleraci\u00f3n-de-la-tecnolog\u00eda.jpg\" alt=\"Tot aix\u00f2 hi cap en el teu m\u00f2bil: empreses amb s\u00f2lids plans estrat\u00e8gics quinquennals van veure canviar la seva realitat en molt menys temps que aquests 5 anys.\" width=\"531\" height=\"668\" \/><figcaption id=\"caption-attachment-17070\" class=\"wp-caption-text\">Tot aix\u00f2 hi cap en el teu m\u00f2bil: empreses amb s\u00f2lids plans estrat\u00e8gics quinquennals van veure canviar la seva realitat en molt menys temps que aquests 5 anys.<\/figcaption><\/figure>\n<p><strong>El teu equip t&#8217;est\u00e0 reclamant flexibilitat, creativitat i col\u00b7laboraci\u00f3, no rigidesa i n\u00fameros sense \u00e0nima<\/strong><\/p>\n<p>La teva empresa \u00e9s un ens viu, formada per persones amb interessos i motivacions. Mira al teu voltant, i adona&#8217;t que la majoria de professionals que avui s&#8217;han apuntat al teu vaixell, en res ja no hi seran. I aix\u00f2 \u00e9s bo. Som a l&#8217;era en qu\u00e8 atreure talent \u00e9s la clau, i en que alhora ens cal entendre que la retenci\u00f3 del talent \u00e9s una quimera, un impossible. No retinguis, ajuda a les persones a desenvolupar-se, i si \u00e9s marxant, que aix\u00ed sigui.<\/p>\n<p>Per\u00f2 no per aix\u00f2 has de deixar de treballar el teu poder d&#8217;atracci\u00f3, per poder col\u00b7laborar amb el millor talent: i, per a aix\u00f2, necessites entendre el que estan buscant els treballadors. I s&#8217;acosta m\u00e9s a un entorn creatiu capa\u00e7 d&#8217;experimentar de forma cont\u00ednua i sense l\u00edmits, a un entorn tancat a unes normes i objectius num\u00e8rics.<\/p>\n<p>En definitiva, tota organitzaci\u00f3 viu en la societat de la innovaci\u00f3, l&#8217;era dels cignes negres, del canvi exponencial i del professional que demana prop\u00f2sit i creativitat, m\u00e9s que rigidesa i xifres. Per aix\u00f2, el pla estrat\u00e8gic a 5 anys ha mort. I, no obstant, l&#8217;estrat\u00e8gia \u00e9s m\u00e9s important que mai. Com ho fem?<\/p>\n<h2><strong>3 passos per passar d&#8217;una estrat\u00e8gia empresarial obsoleta a una estrat\u00e8gia d&#8217;innovaci\u00f3 \u00e0gil:<\/strong><\/h2>\n<p><strong>Pas 1: Mira al futur, de veritat, sense tancar-te les portes a diferents possibilitats<\/strong><\/p>\n<p>Aqu\u00ed, hi ha metodologies com el &#8220;<em>future thinking<\/em>&#8221; de Chechu Salas, o la creaci\u00f3 d&#8217;escenaris a futur, mirant a 10 o fins i tot 20 anys, en les que com a empresa definim una imatge d&#8217;alt nivell del que ser\u00e0 rellevant llavors, quant a:<\/p>\n<ul>\n<li>Valor per al client<\/li>\n<li>Necessitats dels usuaris<\/li>\n<li>Impacte tecnol\u00f2gic<\/li>\n<li>Disrupcions en la cadena de subministrament\u2026<\/li>\n<\/ul>\n<figure id=\"attachment_17071\" aria-describedby=\"caption-attachment-17071\" style=\"width: 1301px\" class=\"wp-caption aligncenter\"><img loading=\"lazy\" decoding=\"async\" class=\"wp-image-17071 size-full\" src=\"https:\/\/sociedaddelainnovacion.es\/wp-content\/uploads\/2018\/06\/Livia-e-Itzi-dos-Inductians-presentando-la-metodolog\u00eda-del-Future-Thinking-en-nuestra-\u00faltima-Induct-Academy.jpg\" alt=\"La Livia i la Itzi, dos Inductians presentant la metodologia del future thinking en la nostra \u00faltima Induct Academy\" width=\"1301\" height=\"975\" \/><figcaption id=\"caption-attachment-17071\" class=\"wp-caption-text\">La Livia i la Itzi, dos Inductians presentant la metodologia del future thinking en la nostra \u00faltima Induct Academy<\/figcaption><\/figure>\n<p>Un cop exposats els diferents escenaris, es tracta llavors de definir una estrat\u00e8gia \u00e0gil per definir reptes que ens permetin anar avan\u00e7ant, posicionant-nos com una empresa capa\u00e7 d&#8217;aportar el valor que desitgem en aquest futur a llarg termini, en aquests escenaris dibuixats.<\/p>\n<p><strong>Pas 2: Defineix reptes d&#8217;innovaci\u00f3, a resoldre a curt termini (6 mesos), mitjan\u00e7ant l&#8217;experimentaci\u00f3 entre equips interns multidisciplinaris \u00e0gils i els usuaris finals. Com fer-ho?<\/strong><\/p>\n<ol>\n<li>Aqu\u00ed tens tot el que necessites saber per <a href=\"https:\/\/www.sociedaddelainnovacion.es\/ca\/tot-necessites-saber-els-reptes-dinnovacio-element-clau-del-design-thinking\/\" target=\"_blank\" rel=\"noopener noreferrer\">entendre qu\u00e8 \u00e9s un repte d\u2019innovaci\u00f3<\/a><\/li>\n<li>Mirando hacia fuera, alrededor y hacia dentro, una metodolog\u00eda en <a href=\"https:\/\/www.sociedaddelainnovacion.es\/ca\/3-passos-per-definir-repte\/\" target=\"_blank\" rel=\"noopener noreferrer\">tres pasos para definir tus retos de innovaci\u00f3n<\/a><\/li>\n<li>Mirando m\u00e1s hacia los objetivos estrat\u00e9gicos, esta es otra metodolog\u00eda para <a href=\"https:\/\/www.sociedaddelainnovacion.es\/ca\/com-definir-un-repte-dinnovacio\/\" target=\"_blank\" rel=\"noopener noreferrer\">definir retos de innovaci\u00f3n en 4 pasos<\/a>.<\/li>\n<li>Y, finalmente, <a href=\"https:\/\/www.sociedaddelainnovacion.es\/ca\/4-metodologies-per-resoldre-reptes-dinnovacio\/\" target=\"_blank\" rel=\"noopener noreferrer\">cuatro herramientas que puedes utilizar para definir retos de innovaci\u00f3n<\/a>.<\/li>\n<\/ol>\n<p>Hi ha t\u00e8cniques, com el \u201c<a href=\"https:\/\/www.linkedin.com\/pulse\/zoom-out-strategy-jaime-rodriguez-ramos\/\" target=\"_blank\" rel=\"noopener noreferrer nofollow\">Zoom out \u2013 zoom in<\/a>\u201d de Deloitte, que combinen les dues aproximacions.<\/p>\n<p><strong>Pas 3: Centra&#8217;t en la cultura d&#8217;equip<\/strong><\/p>\n<p>Posar l&#8217;energia en crear un gran equip amb una cultura de treball i col\u00b7laboraci\u00f3 excel\u00b7lent. Perqu\u00e8 nom\u00e9s amb una gran capacitat per a la col\u00b7laboraci\u00f3, pot haver-hi una bona resposta d&#8217;equip davant les sorpreses de la <a href=\"https:\/\/www.sociedaddelainnovacion.es\/ca\/innova-mor-benvingut-la-societat-la-innovacio\/\" target=\"_blank\" rel=\"noopener noreferrer\">societat de la innovaci\u00f3<\/a>. I aquest \u00e9s un tema profund i que d\u00f3na per a molts altres posts! ?<\/p>\n<figure id=\"attachment_17075\" aria-describedby=\"caption-attachment-17075\" style=\"width: 1600px\" class=\"wp-caption aligncenter\"><img loading=\"lazy\" decoding=\"async\" class=\"wp-image-17075 size-full\" src=\"https:\/\/sociedaddelainnovacion.es\/wp-content\/uploads\/2018\/06\/Equipo-Induct-definiendo-los-retos-del-semestre-el-pasado-mes-de-agosto.jpg\" alt=\"Equip Induct definint els reptes del semestre, el passat mes d'agost\" width=\"1600\" height=\"1200\" \/><figcaption id=\"caption-attachment-17075\" class=\"wp-caption-text\">Equip Induct definint els reptes del semestre, el passat mes d&#8217;agost<\/figcaption><\/figure>\n<p>El pla estrat\u00e8gic aporta una falsa sensaci\u00f3 de solidesa i seguretat (per aix\u00f2 ens costa tant abandonar-nos). En canvi, l&#8217;estrat\u00e8gia \u00e0gil d&#8217;innovaci\u00f3 t&#8217;aporta tots els ingredients necessaris per a sobreviure en la societat de la innovaci\u00f3:<\/p>\n<ul>\n<li>L&#8217;escenari futur t&#8217;aporta una visi\u00f3 compartida, un prop\u00f2sit a llarg termini.<\/li>\n<li>L&#8217;acci\u00f3, a trav\u00e9s de reptes d&#8217;innovaci\u00f3 a curt termini, t&#8217;aporta aprenentatge i progr\u00e9s.<\/li>\n<li>I la cultura d&#8217;equip t&#8217;aporta cohesi\u00f3 per resoldre reptes en un entorn altament ambigu i complex.<\/li>\n<\/ul>\n<p>Ja saps, a definir una estrat\u00e8gia d&#8217;innovaci\u00f3 que substitueixi el vell pla estrat\u00e8gic. Molta sort!<\/p>\n<h2><strong>Altres enlla\u00e7os que et recomano, sobre l&#8217;obsolesc\u00e8ncia del pla estrat\u00e8gic:<\/strong><\/h2>\n<p class=\"fs-headline speakable-headline\"><a href=\"https:\/\/www.forbes.com\/sites\/williamvanderbloemen\/2016\/10\/23\/strategic-planning-is-dead-heres-two-new-ways-to-face-the-future\/#629322af2f5b\" target=\"_blank\" rel=\"noopener noreferrer nofollow\">Strategic Planning Is Dead. Here Are Two New Ways To Face The Future<\/a>\u00a0de Forbes<\/p>\n<p><a href=\"https:\/\/www.forbes.com\/sites\/billconerly\/2014\/03\/24\/the-death-of-strategic-planning-why\/#49440710404a\" target=\"_blank\" rel=\"noopener noreferrer nofollow\">The Death of Strategic Planning: Why?<\/a>\u00a0de Forbes<\/p>\n<p><a href=\"https:\/\/www.fastcompany.com\/1603160\/strategic-planning-dead-long-live-strategy-execution\" target=\"_blank\" rel=\"noopener noreferrer nofollow\">Strategic Planning is Dead \u2013 Long Live Strategy Execution<\/a>\u00a0de Fast Company<\/p>\n<p><a href=\"https:\/\/www.blackline.com\/blog\/process-change-management\/strategic-five-year-plan\/\" target=\"_blank\" rel=\"noopener noreferrer nofollow\">The strategic five-year plan is dead<\/a>\u00a0de Blackline Magazine<\/p>\n<p><a href=\"https:\/\/www.garywexler.com\/blog\/2017\/7\/3\/strategic-planning-is-dead-and-outdated\" target=\"_blank\" rel=\"noopener noreferrer nofollow\">The Creative Plan is the new Strategic Plan<\/a>\u00a0De Gary Wexler<\/p>\n<p><a href=\"http:\/\/www.bworldonline.com\/content.php?id=139026\" target=\"_blank\" rel=\"noopener noreferrer nofollow\">Is strategic planning dead?<\/a>\u00a0de Business World Online<\/p>\n<p><a href=\"https:\/\/medium.com\/@balexandros\/strategic-planning-is-dead-but-the-wheel-spinning-continues-1f4793af23d0\" target=\"_blank\" rel=\"noopener noreferrer nofollow\">If Strategic Planning is \u201cDead,\u201d What is the Alternative?<\/a>\u00a0de Medium<\/p>\n<p><a href=\"https:\/\/www.linkedin.com\/pulse\/zoom-out-strategy-jaime-rodriguez-ramos\/\" target=\"_blank\" rel=\"noopener noreferrer nofollow\">Zoom Out Zoom In Strategy<\/a>\u00a0de Jaime Rodr\u00edguez Ramos<\/p>\n","protected":false},"excerpt":{"rendered":"<p>Les empreses v\u00e9nen operant a trav\u00e9s de plans estrat\u00e8gics a 3, 5 i fins a 10 anys vista. Va arribar un punt en qu\u00e8 semblava que, sense un pla estrat\u00e8gic a llarg termini, estaves destinat al frac\u00e0s. I, segurament, era cert. Per\u00f2 aix\u00f2 era v\u00e0lid en l&#8217;era del creixement lineal. En la societat de la innovaci\u00f3, el pla estrat\u00e8gic a 5 anys ha mort, i ha de ser substitu\u00eft per una estrat\u00e8gia d&#8217;innovaci\u00f3 \u00e0gil. T\u2019explico com.<\/p>\n","protected":false},"author":70,"featured_media":50266,"comment_status":"open","ping_status":"open","sticky":false,"template":"","format":"standard","meta":{"_acf_changed":false,"footnotes":""},"categories":[211,191],"tags":[],"class_list":["post-43491","post","type-post","status-publish","format-standard","has-post-thumbnail","hentry","category-estrategies-dinnovacio","category-cultura-dinnovacio"],"acf":[],"_links":{"self":[{"href":"https:\/\/sociedaddelainnovacion.es\/ca\/wp-json\/wp\/v2\/posts\/43491","targetHints":{"allow":["GET"]}}],"collection":[{"href":"https:\/\/sociedaddelainnovacion.es\/ca\/wp-json\/wp\/v2\/posts"}],"about":[{"href":"https:\/\/sociedaddelainnovacion.es\/ca\/wp-json\/wp\/v2\/types\/post"}],"author":[{"embeddable":true,"href":"https:\/\/sociedaddelainnovacion.es\/ca\/wp-json\/wp\/v2\/users\/70"}],"replies":[{"embeddable":true,"href":"https:\/\/sociedaddelainnovacion.es\/ca\/wp-json\/wp\/v2\/comments?post=43491"}],"version-history":[{"count":0,"href":"https:\/\/sociedaddelainnovacion.es\/ca\/wp-json\/wp\/v2\/posts\/43491\/revisions"}],"wp:featuredmedia":[{"embeddable":true,"href":"https:\/\/sociedaddelainnovacion.es\/ca\/wp-json\/wp\/v2\/media\/50266"}],"wp:attachment":[{"href":"https:\/\/sociedaddelainnovacion.es\/ca\/wp-json\/wp\/v2\/media?parent=43491"}],"wp:term":[{"taxonomy":"category","embeddable":true,"href":"https:\/\/sociedaddelainnovacion.es\/ca\/wp-json\/wp\/v2\/categories?post=43491"},{"taxonomy":"post_tag","embeddable":true,"href":"https:\/\/sociedaddelainnovacion.es\/ca\/wp-json\/wp\/v2\/tags?post=43491"}],"curies":[{"name":"wp","href":"https:\/\/api.w.org\/{rel}","templated":true}]}}