{"id":43602,"date":"2020-06-09T08:24:38","date_gmt":"2020-06-09T08:24:38","guid":{"rendered":"https:\/\/sociedaddelainnovacion.es\/mon-vuca\/"},"modified":"2025-02-06T14:37:32","modified_gmt":"2025-02-06T14:37:32","slug":"mon-vuca","status":"publish","type":"post","link":"https:\/\/sociedaddelainnovacion.es\/ca\/mon-vuca\/","title":{"rendered":"Davant la desacceleraci\u00f3 i la crisi, innovaci\u00f3! Transforma i prepara la teva organitzaci\u00f3 amb el model iflow"},"content":{"rendered":"<h3 style=\"text-align: center;\"><strong>Com transformar i preparar la teva organitzaci\u00f3 a trav\u00e9s del model iflow<\/strong><\/h3>\n<p>Fa un temps que sentim a les organitzacions les paraules: crisi, desacceleraci\u00f3 a la zona euro, contracci\u00f3 en l&#8217;economia alemanya, guerra comercial entre EUA i la resta del m\u00f3n.<\/p>\n<h2>Hem de preparar-nos per una crisi com la del 2008?<\/h2>\n<p>La meva opini\u00f3 \u00e9s que no. No obstant aix\u00f2, hem de preparar les nostres organitzacions per viure en un m\u00f3n VUCA, i tenir la capacitat d&#8217;adaptar-se r\u00e0pidament als canvis.<\/p>\n<h2>Qu\u00e8 \u00e9s el m\u00f3n VUCA?<\/h2>\n<p>Aquest concepte, <a href=\"https:\/\/hbr.org\/2014\/01\/what-vuca-really-means-for-you\" target=\"_blank\" rel=\"noopener noreferrer nofollow\">formulat pel ministeri<\/a> de defensa americ\u00e0, descriu l&#8217;entorn en qu\u00e8 ens tocar\u00e0 jugar, \u00e9s a dir, un m\u00f3n <em>Volatily, Uncertainty, Complexity, Ambiguity.<\/em><\/p>\n<ol>\n<li>Un nivell alt de <strong>volatilitat<\/strong>, on els canvis de tecnologia, tend\u00e8ncies i comportament dels usuaris s\u00f3n r\u00e0pids i constants.<\/li>\n<li>La<strong> incertesa<\/strong> fa que la capacitat de predicci\u00f3 sigui cada vegada menor, i que els plans estrat\u00e8gics quedin antiquats de forma r\u00e0pida.<\/li>\n<li><strong>Complexitat<\/strong>, perqu\u00e8 els canvis s\u00f3n multifactorials, i no hi ha una manera \u00fanica i definida d\u2019 afrontar-los.<\/li>\n<li><strong>Ambig\u00fcitat<\/strong>, perqu\u00e8 aquesta mateixa complexitat fa que, preveure i identificar les amenaces, sigui cada vegada m\u00e9s dif\u00edcil.<\/li>\n<\/ol>\n<p>De fet, el m\u00f3n VUCA ens situa en un entorn de crisi permanent. Recordem que l&#8217;origen de la paraula crisi prov\u00e9 del grec i significa canvi, i el canvi esdevindr\u00e0 de manera permanent i en constant acceleraci\u00f3.<\/p>\n<h2>Com deu una organitzaci\u00f3 afrontar aquest entorn de crisi permanent?<\/h2>\n<p>Com ja hem dit, ha de ser una organitzaci\u00f3 flexible, capa\u00e7 d&#8217;afrontar aquests canvis. I aquest \u00e9s el tipus d&#8217;organitzaci\u00f3 que descriu <strong>el model i-FLOW<\/strong> que hem desenvolupat.<\/p>\n<p><a href=\"https:\/\/sociedaddelainnovacion.es\/wp-content\/uploads\/2019\/11\/iflow.jpg\"><img loading=\"lazy\" decoding=\"async\" class=\"wp-image-19899 aligncenter\" src=\"https:\/\/sociedaddelainnovacion.es\/wp-content\/uploads\/2019\/11\/iflow.jpg\" alt=\"iflow\" width=\"604\" height=\"542\" \/><\/a><\/p>\n<h3>Innovation First<\/h3>\n<p>L&#8217;organitzaci\u00f3 ha de tenir clar que la innovaci\u00f3 ser\u00e0 una prioritat, i l&#8217;eina que transformar\u00e0 l&#8217;organitzaci\u00f3.<\/p>\n<ul>\n<li><strong> Agile:<\/strong> Els canvis van molt de pressa, aix\u00ed que conv\u00e9 deixar de banda els plans estrat\u00e8gics, i adoptar eines \u00e0gils de planificaci\u00f3 i identificaci\u00f3 de reptes per a la organitzaci\u00f3.<\/li>\n<li><strong> Innovaci\u00f3 participativa:<\/strong> Posa el treballador i el client en el centre. Si els professionals escolten i entenen, sabran trobar solucions innovadores.<\/li>\n<li><strong> Experimentaci\u00f3:<\/strong> Aquest concepte introdueix la cultura del risc i l&#8217;error. Si no experimentem, no ens equivoquem, per\u00f2 tampoc avancem.<\/li>\n<li><strong> Comprom\u00eds innovador:<\/strong> Superar el dilema de l&#8217;innovador; si no es dediquen esfor\u00e7os i recursos a la innovaci\u00f3 no s&#8217;aconsegueixen resultats.<\/li>\n<\/ul>\n<h3>Lideratge innovador<\/h3>\n<ul>\n<li><strong> Prop\u00f2sit:<\/strong> S&#8217;ha de compartir el prop\u00f2sit perqu\u00e8 els professionals formin part de l&#8217;ADN i comparteixin objectius i valors; aix\u00ed s&#8217;aconsegueixen sinergies m\u00e0giques.<\/li>\n<li><strong> ADN innovador:<\/strong> Els l\u00edders de l&#8217;organitzaci\u00f3 han d&#8217;implicar-se personalment en la transformaci\u00f3 de l&#8217;organitzaci\u00f3.<\/li>\n<li><strong> Estrat\u00e8gia:<\/strong> Cal definir com organitzarem la innovaci\u00f3 i quina estrat\u00e8gia seguirem per desplegar els projectes d&#8217;innovaci\u00f3.<\/li>\n<li><strong> Intraprenedoria:<\/strong> Seguint el model TEAL, \u00e9s convenient deixar pas als empleats, i que siguin capa\u00e7os d\u2019auto organitzar-se i d&#8217;emprendre.<\/li>\n<li><strong>Acci\u00f3:<\/strong> Buscar de manera activa els problemes, oportunitats i tecnologia que aporten noves solucions, perqu\u00e8 siguin m\u00e9s efica\u00e7os, menys costoses o m\u00e9s sostenibles. L&#8217;\u00fas del <strong>Big Data<\/strong> o la <strong>intel\u00b7lig\u00e8ncia artificial<\/strong> ens pot ajudar molt en aquest \u00e0mbit, i repensar el <strong>model de negoci<\/strong>. Ja no es tracta de comprar o vendre, sin\u00f3 de llogar, cedir i intercanviar.<\/li>\n<\/ul>\n<h3>Organitzaci\u00f3 oberta<\/h3>\n<ul>\n<li><strong> Coneixement extern:<\/strong> Com captem el coneixement que est\u00e0 fora i que podria ajudar-nos? Ho fem generant comunitats, com ara <strong>Almirallshare<\/strong>. Qu\u00e8 estan fent les startups en el nostre sector? Han creat organitzacions tremendament \u00e0gils, i amb gran capacitat de creixement.<\/li>\n<li><strong>Necessitats de clients:<\/strong> S&#8217;utilitzen sistemes de coneixement a trav\u00e9s d\u2019<em>insights<\/em> de clients, que ens permeten entendre les seves necessitats reals, com ho fa <strong>Chiesi neostart<\/strong>.<\/li>\n<li><strong> Transpar\u00e8ncia:<\/strong> Les organitzacions han de ser cada vegada m\u00e9s transparents, tant in-internament com externament, <a href=\"https:\/\/computerhoy.com\/noticias\/motor\/elon-musk-hace-publicas-todas-patentes-tesla-salvar-tierra-368627\" target=\"_blank\" rel=\"noopener noreferrer nofollow\">per exemple TESLA i les patents<\/a>.<\/li>\n<li><strong> Digital:<\/strong> Es tracta d&#8217;incorporar la cultura digital a l&#8217;organitzaci\u00f3. Si no ho fem nosaltres, ho far\u00e0 un competidor, tard o d&#8217;hora.<\/li>\n<\/ul>\n<h3>Organitzaci\u00f3 wow<\/h3>\n<ul>\n<li><strong> Autonomia dels empleats:<\/strong> Cal construir un model d&#8217;organitzaci\u00f3 que faciliti l&#8217;autonomia dels empleats.<\/li>\n<li><strong> Desenvolupament personalitzat:<\/strong> Cada vegada m\u00e9s professionals necessiten un entorn en el que se&#8217;ls permeti desenvolupar el seu talent i poder compaginar la vida personal i professional.<\/li>\n<li><strong> Reconeixement:<\/strong> El talent ha de ser reconegut per retenir-lo, i els professionals prefereixen ser part de projecte motivador, en comptes de, disposar d&#8217;un gran sou i un projecte avorrit.<\/li>\n<\/ul>\n<p>Si som capa\u00e7os de transformar la nostra organitzaci\u00f3 i fer-la flexible, amb capacitat d&#8217;adaptar-se als canvis r\u00e0pidament, implicant els professionals en el desenvolupament de nous productes, etc. podrem gestionar les crisis i fer-los front, generant propostes de valor innovadores per als nostres clients.<\/p>\n<p>&nbsp;<\/p>\n","protected":false},"excerpt":{"rendered":"<p>Com transformar i preparar la teva organitzaci\u00f3 a trav\u00e9s del model iflow Fa un temps que sentim a les organitzacions les paraules: crisi, desacceleraci\u00f3 a la zona euro, contracci\u00f3 en l&#8217;economia alemanya, guerra comercial entre EUA i la resta del m\u00f3n. Hem de preparar-nos per una crisi com la del 2008? La meva opini\u00f3 \u00e9s<\/p>\n","protected":false},"author":9,"featured_media":52305,"comment_status":"open","ping_status":"open","sticky":false,"template":"","format":"standard","meta":{"_acf_changed":false,"footnotes":""},"categories":[171],"tags":[],"class_list":["post-43602","post","type-post","status-publish","format-standard","has-post-thumbnail","hentry","category-metodologies-dinnovacio"],"acf":[],"_links":{"self":[{"href":"https:\/\/sociedaddelainnovacion.es\/ca\/wp-json\/wp\/v2\/posts\/43602","targetHints":{"allow":["GET"]}}],"collection":[{"href":"https:\/\/sociedaddelainnovacion.es\/ca\/wp-json\/wp\/v2\/posts"}],"about":[{"href":"https:\/\/sociedaddelainnovacion.es\/ca\/wp-json\/wp\/v2\/types\/post"}],"author":[{"embeddable":true,"href":"https:\/\/sociedaddelainnovacion.es\/ca\/wp-json\/wp\/v2\/users\/9"}],"replies":[{"embeddable":true,"href":"https:\/\/sociedaddelainnovacion.es\/ca\/wp-json\/wp\/v2\/comments?post=43602"}],"version-history":[{"count":0,"href":"https:\/\/sociedaddelainnovacion.es\/ca\/wp-json\/wp\/v2\/posts\/43602\/revisions"}],"wp:featuredmedia":[{"embeddable":true,"href":"https:\/\/sociedaddelainnovacion.es\/ca\/wp-json\/wp\/v2\/media\/52305"}],"wp:attachment":[{"href":"https:\/\/sociedaddelainnovacion.es\/ca\/wp-json\/wp\/v2\/media?parent=43602"}],"wp:term":[{"taxonomy":"category","embeddable":true,"href":"https:\/\/sociedaddelainnovacion.es\/ca\/wp-json\/wp\/v2\/categories?post=43602"},{"taxonomy":"post_tag","embeddable":true,"href":"https:\/\/sociedaddelainnovacion.es\/ca\/wp-json\/wp\/v2\/tags?post=43602"}],"curies":[{"name":"wp","href":"https:\/\/api.w.org\/{rel}","templated":true}]}}