{"id":43615,"date":"2019-12-17T14:47:54","date_gmt":"2019-12-17T14:47:54","guid":{"rendered":"https:\/\/sociedaddelainnovacion.es\/espais-sobre-innovacio-en-cultura\/"},"modified":"2025-02-06T15:40:26","modified_gmt":"2025-02-06T15:40:26","slug":"espais-sobre-innovacio-en-cultura","status":"publish","type":"post","link":"https:\/\/sociedaddelainnovacion.es\/ca\/espais-sobre-innovacio-en-cultura\/","title":{"rendered":"Espais de Barcelona sobre innovaci\u00f3 en cultura"},"content":{"rendered":"<p style=\"text-align: center;\"><u>On la cultura i la innovaci\u00f3 es troben. El segon cap\u00edtol del nostre Mapa d&#8217;Innovaci\u00f3 de Barcelona.<\/u><\/p>\n<p>Com hem <a href=\"https:\/\/www.sociedaddelainnovacion.es\/ca\/espais-innovadors-sobre-tecnologia-i-startups\/\" target=\"_blank\" rel=\"noopener noreferrer\">anunciat anteriorment<\/a>, des d\u2019SDLI estem duent a terme el projecte <strong>Mapa d&#8217;Innovaci\u00f3 de Barcelona<\/strong>. Un projecte que pret\u00e9n celebrar la diversitat i la riquesa de la ciutat, suggerint alguns llocs interessants, que tot innovador ha de con\u00e8ixer.<\/p>\n<p>Aquest mes us presentem la secci\u00f3 <strong>Innovaci\u00f3 en cultura<\/strong>; una secci\u00f3 que presenta llocs molt especials, en qu\u00e8 la cultura s&#8217;impulsa a trav\u00e9s de la innovaci\u00f3 i viceversa. Per comen\u00e7ar, hem seleccionat tres llocs als quals tenim especial afecte, i que recomanem a tots els <em>mindshakers<\/em>.<\/p>\n<p>Per\u00f2, abans de res, un apunt sobre: \u200b\u200b&#8221;Per qu\u00e8 parlar de cultura quan parlem d&#8217;innovaci\u00f3?&#8221;. Des de les ci\u00e8ncies socials i la filosofia, molts van intentar definir &#8220;qu\u00e8 \u00e9s la cultura?&#8221;, des de la A fins a la Z, des d\u2019Adorno fins a \u017di\u017eek&#8230; Hi ha una cosa certa; no hi ha societat aliena a una cultura, i no hi ha manera de canviar el m\u00f3n sense tenir en compte la manera com es constitueix una societat.<\/p>\n<p>Aix\u00ed que, com innovadors, suportem en les nostres tasques di\u00e0ries la immensa responsabilitat (moltes vegades descuidada) de canviar el m\u00f3n. I si no fos perqu\u00e8 la cultura \u00e9s part d&#8217;aix\u00f2, segurament fracassar\u00edem en la consecuci\u00f3 dels nostres objectius.<\/p>\n<p>Per aquest motiu, aquesta secci\u00f3 del Mapa d&#8217;Innovaci\u00f3 \u00e9s en realitat una invitaci\u00f3 a reflexionar sobre el nostre paper dins de la societat, i com podem transformar-nos en millors persones i professionals a trav\u00e9s de la cultura. T&#8217;atreveixes a q\u00fcestionar-te?<\/p>\n<ol>\n<li>\n<h3>CCCB Centre de Cultura Contempor\u00e0nia de Barcelona<\/h3>\n<\/li>\n<\/ol>\n<p>Situat al cor de Barcelona, \u200b\u200bentre el barri de Raval, Universitat i el G\u00f2tic, el CCCB ofereix una arquitectura que no deixa indiferent a ning\u00fa. Amb un aspecte curi\u00f3s, es barreja l&#8217;antiguitat amb l\u2019actualitat. Aquest espai va n\u00e9ixer com una esgl\u00e9sia i, m\u00e9s tard, es va convertir en un centre cultural multidisciplinari. Mitjan\u00e7ant l&#8217;art i la cultura, el CCCB exposa els grans temes de la societat contempor\u00e0nia, sense deixar de banda la hist\u00f2ria i la mem\u00f2ria del passat, representant una de les principals refer\u00e8ncies culturals de la ciutat.<\/p>\n<p><img loading=\"lazy\" decoding=\"async\" class=\"aligncenter size-full wp-image-21486\" src=\"https:\/\/sociedaddelainnovacion.es\/wp-content\/uploads\/2019\/12\/CCCB.jpg\" alt=\"CCCB\" width=\"800\" height=\"400\" \/><\/p>\n<p>Aix\u00ed doncs, \u00e9s molt m\u00e9s que un centre cultural; el CCCB \u00e9s conscient de la seva responsabilitat per impulsar el marc intel\u00b7lectual de la ciutat i promoure la innovaci\u00f3 en diferents formats i llenguatges. Actuant a favor de la transformaci\u00f3 social, el seu prop\u00f2sit \u00e9s a la investigaci\u00f3 creativa i la producci\u00f3 del coneixement per fer front als grans desafiaments contemporanis, i treballar per a la construcci\u00f3 d&#8217;un futur millor.<\/p>\n<p>Per arribar a aquest objectiu, el CCCB promou diferents activitats, moltes d&#8217;elles indispensables per als innovadors. En la seva programaci\u00f3, trobareu des d&#8217;exposicions d&#8217;art, fins a cursos gratu\u00efts de filosofia i tamb\u00e9 festivals cinematogr\u00e0fics i tallers per a nens. A m\u00e9s de passar una bona estona, potser us inspiren en els vostres projectes.<\/p>\n<p><img loading=\"lazy\" decoding=\"async\" class=\"aligncenter size-full wp-image-21488\" src=\"https:\/\/sociedaddelainnovacion.es\/wp-content\/uploads\/2019\/12\/CCCB2.jpg\" alt=\"CCCB\" width=\"800\" height=\"252\" \/><\/p>\n<p>Ubicaci\u00f3: Montealegre 5, Barcelona<\/p>\n<p>Enlla\u00e7: <a href=\"https:\/\/www.cccb.org\/ca\" target=\"_blank\" rel=\"noopener noreferrer nofollow\">https:\/\/www.cccb.org\/ca<\/a><\/p>\n<p>RRSS: @cccb_barcelona<\/p>\n<h3>2. Fabra i Coats<\/h3>\n<p>Diuen que la cultura neix en les mans de la gent; gent com vosaltres, i com jo. I que, per aix\u00f2, ha de ser accessible, participativa i viva. En aquest cas, val la pena esmentar a Fabra i Coats, un espai creatiu impulsat per l&#8217;Ajuntament de Barcelona dins del programa <strong>F\u00e0briques de Creaci\u00f3<\/strong>, que pret\u00e9n transformar antics edificis industrials en espais per a la creaci\u00f3 i expressi\u00f3 art\u00edstica.<\/p>\n<p><img loading=\"lazy\" decoding=\"async\" class=\"aligncenter size-full wp-image-21490\" src=\"https:\/\/sociedaddelainnovacion.es\/wp-content\/uploads\/2019\/12\/FabraiCoats.jpg\" alt=\"FabraiCoats\" width=\"800\" height=\"554\" \/><\/p>\n<p>En aquest \u00e0mbit, Fabra i Coats \u00e9s un referent. Situada en un emblem\u00e0tic edifici del barri de Sant Andreu, la f\u00e0brica ofereix diferents serveis i activitats p\u00fabliques per impulsar el potencial creatiu i innovador dels ciutadans, especialment de la gent de barri. Compta amb 6.500m2 i disposa de m\u00faltiples espais i laboratoris per fomentar la connexi\u00f3 entre educadors, artistes, investigadors i barcelonins, oferint suport i acompanyament en la producci\u00f3 i exhibici\u00f3 art\u00edstica.<\/p>\n<p>En Fabra i Coats podreu trobar des de cursos i formacions fins a activitats familiars i resid\u00e8ncies art\u00edstiques. A m\u00e9s, tamb\u00e9 \u00e9s possible llogar espais de <em>coworking<\/em>, oficines i materials espec\u00edfics. Aix\u00ed que, si us animeu a embrutar-vos les mans, no oblideu passar per aqu\u00ed!<\/p>\n<p><img loading=\"lazy\" decoding=\"async\" class=\"aligncenter size-full wp-image-21492\" src=\"https:\/\/sociedaddelainnovacion.es\/wp-content\/uploads\/2019\/12\/FabraiCoats2.jpg\" alt=\"FabraiCoats\" width=\"800\" height=\"535\" \/><\/p>\n<p>Ubicaci\u00f3: Sant Adri\u00e0 20, Barcelona<\/p>\n<p>Enlla\u00e7: <a href=\"http:\/\/ajuntament.barcelona.cat\/fabraicoats\/\" target=\"_blank\" rel=\"noopener noreferrer nofollow\">http:\/\/ajuntament.barcelona.cat\/fabraicoats\/<\/a><\/p>\n<p>RRSS: @fabraicoatsbcn<\/p>\n<h3>3. Cosmo Caixa<\/h3>\n<p>Sovint, la cultura i la ci\u00e8ncia caminen per separat i per evitar-ho, el Cosmo Caixa ha revolucionat la manera tradicional de fer i transmetre la ci\u00e8ncia, introduint-la a la nostra cultura de manera innovadora. Aquest espai, promogut per la Fundaci\u00f3 La Caixa, ofereix un indret \u00fanic allunyat de el soroll de la ciutat.<\/p>\n<p>En el Cosmo Caixa \u00e9s possible visitar la sala &#8220;Bosc inundat&#8221; i viure l&#8217;experi\u00e8ncia de caminar per la selva amaz\u00f2nica. A la sala &#8220;Univers&#8221; podreu endinsar-vos en la hist\u00f2ria de la creaci\u00f3 del cosmos, des del Big Bang fins a l&#8217;actualitat. Sense esmentar les exposicions i activitats que omplen el calendari de propostes del Cosmo Caixa durant tot l&#8217;any.<\/p>\n<p>Aix\u00ed que, si abans de llegir aquest article no us consider\u00e0veu uns <em>frikis<\/em> de la ci\u00e8ncia, us recomanem que hi aneu i ens expliqueu la vostra experi\u00e8ncia. Segur que us refrescar\u00e0 les idees i hi sortireu amb moltes ganes d&#8217;innovar!<\/p>\n<p><img loading=\"lazy\" decoding=\"async\" class=\"aligncenter size-full wp-image-21494\" src=\"https:\/\/sociedaddelainnovacion.es\/wp-content\/uploads\/2019\/12\/CosmoCaixa.jpg\" alt=\"CosmoCaixa\" width=\"800\" height=\"461\" \/><\/p>\n<p>Ubicaci\u00f3: Isaac Newton 26, Barcelona<\/p>\n<p>Enlla\u00e7: <a href=\"https:\/\/cosmocaixa.es\/es\/cosmocaixa-barcelona\" target=\"_blank\" rel=\"noopener noreferrer nofollow\">https:\/\/cosmocaixa.es\/es\/cosmocaixa-barcelona<\/a><\/p>\n<p>RRSS: @cosmocaixa<\/p>\n<p>Per cert, coneixeu algun altre lloc a Barcelona on puguem trobar cultura, innovaci\u00f3 i inspiraci\u00f3? Doncs, deixeu-nos un comentari i ajudeu-nos a completar el mapa junts.<\/p>\n<p>El mes que ve, publicarem tres espais m\u00e9s de la categoria &#8220;Confer\u00e8ncies i Networking&#8221;.<\/p>\n<p>Fins la propera!<\/p>\n","protected":false},"excerpt":{"rendered":"<p>On la cultura i la innovaci\u00f3 es troben. El segon cap\u00edtol del nostre Mapa d&#8217;Innovaci\u00f3 de Barcelona. Com hem anunciat anteriorment, des d\u2019SDLI estem duent a terme el projecte Mapa d&#8217;Innovaci\u00f3 de Barcelona. Un projecte que pret\u00e9n celebrar la diversitat i la riquesa de la ciutat, suggerint alguns llocs interessants, que tot innovador ha de<\/p>\n","protected":false},"author":47,"featured_media":52347,"comment_status":"open","ping_status":"open","sticky":false,"template":"","format":"standard","meta":{"_acf_changed":false,"footnotes":""},"categories":[208],"tags":[],"class_list":["post-43615","post","type-post","status-publish","format-standard","has-post-thumbnail","hentry","category-empreses-innovadores"],"acf":[],"_links":{"self":[{"href":"https:\/\/sociedaddelainnovacion.es\/ca\/wp-json\/wp\/v2\/posts\/43615","targetHints":{"allow":["GET"]}}],"collection":[{"href":"https:\/\/sociedaddelainnovacion.es\/ca\/wp-json\/wp\/v2\/posts"}],"about":[{"href":"https:\/\/sociedaddelainnovacion.es\/ca\/wp-json\/wp\/v2\/types\/post"}],"author":[{"embeddable":true,"href":"https:\/\/sociedaddelainnovacion.es\/ca\/wp-json\/wp\/v2\/users\/47"}],"replies":[{"embeddable":true,"href":"https:\/\/sociedaddelainnovacion.es\/ca\/wp-json\/wp\/v2\/comments?post=43615"}],"version-history":[{"count":0,"href":"https:\/\/sociedaddelainnovacion.es\/ca\/wp-json\/wp\/v2\/posts\/43615\/revisions"}],"wp:featuredmedia":[{"embeddable":true,"href":"https:\/\/sociedaddelainnovacion.es\/ca\/wp-json\/wp\/v2\/media\/52347"}],"wp:attachment":[{"href":"https:\/\/sociedaddelainnovacion.es\/ca\/wp-json\/wp\/v2\/media?parent=43615"}],"wp:term":[{"taxonomy":"category","embeddable":true,"href":"https:\/\/sociedaddelainnovacion.es\/ca\/wp-json\/wp\/v2\/categories?post=43615"},{"taxonomy":"post_tag","embeddable":true,"href":"https:\/\/sociedaddelainnovacion.es\/ca\/wp-json\/wp\/v2\/tags?post=43615"}],"curies":[{"name":"wp","href":"https:\/\/api.w.org\/{rel}","templated":true}]}}