{"id":43619,"date":"2021-03-29T14:49:52","date_gmt":"2021-03-29T14:49:52","guid":{"rendered":"https:\/\/sociedaddelainnovacion.es\/empresa-humanista-2\/"},"modified":"2025-02-05T15:46:08","modified_gmt":"2025-02-05T15:46:08","slug":"empresa-humanista-2","status":"publish","type":"post","link":"https:\/\/sociedaddelainnovacion.es\/ca\/empresa-humanista-2\/","title":{"rendered":"El futur del treball: 7 tend\u00e8ncies cap a un model d\u2019empresa humanista"},"content":{"rendered":"<p><span style=\"font-weight: 400;\">Comen\u00e7ada la tercera d\u00e8cada de segle XXI, el debat est\u00e0 a tot arreu. Encarem la fi del treball? Les m\u00e0quines es posaran al capdavant? Hauran de pagar impostos els robots? En realitat, aquest debat \u00e9s constant des de la primera revoluci\u00f3 industrial, i les dades han demostrat que, amb m\u00e9s tecnologia, m\u00e9s qualitat de vida, i m\u00e9s treball per a les persones. Aix\u00f2 s\u00ed, acabar\u00e0 sortint car per a molts.<\/span><\/p>\n<p><span style=\"font-weight: 400;\">Avui, defensem una <strong>tend\u00e8ncia per a un futur del treball<\/strong> que potser sembla poc intu\u00eftiu per a molts. I \u00e9s que, en plena <strong>revoluci\u00f3 tecnol\u00f2gica<\/strong> (que com a humanitat afrontem el moment de la singularitat), anem cap a un model d&#8217;empresa que trenca amb l&#8217;estructura organitzativa de l&#8217;era industrial:<\/span><b> l&#8217;empresa humanista<\/b><span style=\"font-weight: 400;\">. Un model que es basa \u00fanicament en la tecnologia per impulsar el potencial creatiu de les persones, els qui les faran realment diferents, especials i d&#8217;\u00e8xit.<\/span><\/p>\n<h2><span style=\"font-weight: 400;\">L&#8217;empresa humanista, una resposta per a la ubiq\u00fcitat tecnol\u00f2gica de la Societat de la Innovaci\u00f3<\/span><\/h2>\n<p><span style=\"font-weight: 400;\">Portem uns quants anys vivint una profunda transformaci\u00f3 del nostre entorn de treball, a trav\u00e9s de la constant incorporaci\u00f3 de la tecnologia en tot el que fem: correus electr\u00f2nics que mai acabem de llegir; grups corporatius de missatgeria instant\u00e0nia (WhatsApp, Slack, etc.) que tallen amb el seu soroll silenci\u00f3s la nostra concentraci\u00f3; eines digitals per gestionar les nostres tasques di\u00e0ries, com la gesti\u00f3 del temps, o la gesti\u00f3 de tasques en projectes, xarxes socials corporatives, etc.<\/span><\/p>\n<p><span style=\"font-weight: 400;\">Un cop madurada l&#8217;obligatorietat de la transformaci\u00f3 digital del treball i els negocis, ens toca ara fer front a la seg\u00fcent onada dominada per la robotitzaci\u00f3, l&#8217;automatitzaci\u00f3, el <\/span><i><span style=\"font-weight: 400;\">big data<\/span><\/i><span style=\"font-weight: 400;\">, l&#8217;<\/span><i><span style=\"font-weight: 400;\">Internet of Things<\/span><\/i><span style=\"font-weight: 400;\">, i la Intel\u00b7lig\u00e8ncia Artificial. Amb tot aix\u00f2, \u00e9s l\u00f2gic parlar de el futur de la feina com un lloc m\u00e9s dominat per la tecnologia, en qu\u00e8 els llocs de treball menys qualificats seran q\u00fcestionats de manera constant.<\/span><\/p>\n<p><span style=\"font-weight: 400;\">Es dibuixa aix\u00ed un futur en el qual, passat el moment de la <\/span><a href=\"https:\/\/futurism.com\/separating-science-fact-science-hype-how-far-off-singularity\" target=\"_blank\" rel=\"noopener noreferrer nofollow\"><span style=\"font-weight: 400;\">singularitat<\/span><\/a><span style=\"font-weight: 400;\"> (quan les m\u00e0quines superin als humans en capacitats intel\u00b7lectuals i hi hagi menys llocs per a &#8220;humans&#8221;) s&#8217;abordar\u00e0 el que anomenem <\/span><a href=\"https:\/\/www.sociedaddelainnovacion.es\/ca\/homo-deus-la-innovacio-transhumana-la-unica-opcio-ens-queda\/\" target=\"_blank\" rel=\"noopener noreferrer\"><span style=\"font-weight: 400;\">futur transhumanista<\/span><\/a><span style=\"font-weight: 400;\">, amb la necessitat d&#8217;instaurar la renda universal i aplicar impostos als robots.<\/span><\/p>\n<p><span style=\"font-weight: 400;\">Per\u00f2 avui, encarant ja la segona d\u00e8cada d&#8217;aquest segle, comparteixo algunes tend\u00e8ncies de futur del treball que res tenen a veure amb l&#8217;apocalipsi i la dist\u00f2pia tecnol\u00f2gica. Es tracta de <strong>tend\u00e8ncies poc intu\u00eftives sobre el futur a la feina<\/strong>, amb la mirada posada en 2030, i que tendeixen cap a la generaci\u00f3 d&#8217;entorns de treball m\u00e9s humanitzats. Aquesta \u00e9s <\/span><b>l&#8217;empresa humanista<\/b><span style=\"font-weight: 400;\">, una organitzaci\u00f3 que busca impulsar el potencial creatiu de les persones en l&#8217;era de la ubiq\u00fcitat tecnol\u00f2gica, l&#8217;\u00fanica forma futura possible per a les empreses.\u00a0<\/span><\/p>\n<p><span style=\"font-weight: 400;\">Si et sorpr\u00e8n alguna d&#8217;aquestes tend\u00e8ncies (que ja hem observat) i t\u2019inspiren per fer algun canvi en la teva empresa, aquest post haur\u00e0 valgut la pena!<\/span><\/p>\n<h2><span style=\"font-weight: 400;\">7 tend\u00e8ncies de futur del treball per a un model d&#8217;empresa humanista<\/span><\/h2>\n<ol>\n<li><b> Habilitats toves:<\/b><span style=\"font-weight: 400;\"><span style=\"font-weight: 400;\"> En aquesta tend\u00e8ncia, augmenta la demanda de professionals amb noves habilitats relacionades amb la part m\u00e9s humana: creativitat, empatia, col\u00b7laboraci\u00f3, etc. Es busca la caracter\u00edstica que fa \u00faniques a les persones, la que no es troba en un algoritme. En els propers anys, l&#8217;execuci\u00f3 i la presa de decisions l\u00f2giques s\u2019atribuiran a les m\u00e0quines, mentre que les decisions complexes les prendran les persones a trav\u00e9s de la seva creativitat i empatia.<\/span><\/span>\n<p><figure id=\"attachment_21537\" aria-describedby=\"caption-attachment-21537\" style=\"width: 601px\" class=\"wp-caption alignnone\"><a href=\"https:\/\/sociedaddelainnovacion.es\/wp-content\/uploads\/2020\/01\/Emotional-Skills.jpg\"><img loading=\"lazy\" decoding=\"async\" class=\" wp-image-21537\" src=\"https:\/\/sociedaddelainnovacion.es\/wp-content\/uploads\/2020\/01\/Emotional-Skills.jpg\" alt=\"Empreses humanistes\" width=\"601\" height=\"462\" \/><\/a><figcaption id=\"caption-attachment-21537\" class=\"wp-caption-text\">Font: Intuition<\/figcaption><\/figure><\/li>\n<li><b> Perfils amb <\/b><b><i>background<\/i><\/b><b> human\u00edstic:<\/b><span style=\"font-weight: 400;\"> Cada vegada, les empreses demanaran m\u00e9s talent amb <\/span><i><span style=\"font-weight: 400;\">background<\/span><\/i><span style=\"font-weight: 400;\"> human\u00edstic, a difer\u00e8ncia dels \u00faltims anys. En un entorn en qu\u00e8 la tecnologia pot modificar la vida i el futur de societats senceres (amb un impacte mai vist), ser\u00e0 necessari comptar amb perfils professionals formats en \u00e8tica per a la presa de decisions, amb valors human\u00edstics, amb una visi\u00f3 antropol\u00f2gica dels negocis, etc.<\/span><\/li>\n<li><b>Diversitat en l&#8217;empresa:<\/b> A Societat de la Innovaci\u00f3, les decisions humanes seran aquelles m\u00e9s complexes. Per resoldre el tipus de problemes que es plantegen en <strong>entorns VUCA<\/strong>, m\u00e9s enll\u00e0 de les m\u00e0quines o dels grans experts, necessitarem disposar de diferents perspectives. En aquest sentit, comen\u00e7arem a veure persones joves en comit\u00e8s de direcci\u00f3, la incorporaci\u00f3 de persones jubilades, o la creaci\u00f3 de xarxes de talent extern per resoldre problemes complexos. La <a href=\"https:\/\/www.sociedaddelainnovacion.es\/ca\/diversitat-a-lempresa\/\" target=\"_blank\" rel=\"noopener noreferrer\">diversitat a l&#8217;empresa<\/a> \u00e9s una tend\u00e8ncia inevitable.<\/li>\n<li><b>Equilibri personal i professional:<\/b><span style=\"font-weight: 400;\"><span style=\"font-weight: 400;\"><span style=\"font-weight: 400;\"> La salut integral del treballador \u00e9s clau per a assegurar el m\u00e0xim del seu rendiment en un entorn constantment estressant, el que deriva en iniciatives que ja s&#8217;estan duent a terme com:<\/span><\/span><\/span>\n<ul>\n<li><span style=\"font-weight: 400;\"> Ter\u00e0pies a l&#8217;oficina.<\/span><\/li>\n<li><span style=\"font-weight: 400;\"> Treballar menys hores.<\/span><\/li>\n<\/ul>\n<p><span style=\"font-weight: 400;\"><span style=\"font-weight: 400;\">Per exemple, <a href=\"https:\/\/blogthinkbig.com\/microsoft-japon-aumento-productividad-40-semana-4-dias-laborales\" target=\"_blank\" rel=\"noopener noreferrer nofollow\">Microsoft Jap\u00f3 est\u00e0 experimentant amb una setmana laboral de 4 dies<\/a>, en un pa\u00eds greument afectat per l&#8217;estr\u00e8s laboral.<\/span><\/span><\/li>\n<li><b>Centrar-se en el <\/b><b><i>flow<\/i><\/b><b> i motivaci\u00f3 intr\u00ednseca:<\/b> Les organitzacions ja no poden permetre\u2019s treballadors que no estiguin motivats. Tots els estudis sobre <i>employee engagement<\/i> demostren que, m\u00e9s enll\u00e0 d&#8217;un sou, els treballadors busquen principalment 3 coses:\n<ol>\n<li>Desenvolupament personal i professional.<\/li>\n<li>Sentiment de comunitat per a establir relacions de valor.<\/li>\n<li>Una causa, un prop\u00f2sit pel qual treballar.<span style=\"font-weight: 400;\">En entorns que fomenten aquests tres principis, creix la <\/span><a href=\"https:\/\/www.sociedaddelainnovacion.es\/ca\/motivacio-intrinseca\/\" target=\"_blank\" rel=\"noopener noreferrer\"><span style=\"font-weight: 400;\">motivaci\u00f3 intr\u00ednseca<\/span><\/a><span style=\"font-weight: 400;\">, inherent a totes les persones.<\/span>\n<figure id=\"attachment_21535\" aria-describedby=\"caption-attachment-21535\" style=\"width: 900px\" class=\"wp-caption alignnone\"><a href=\"https:\/\/sociedaddelainnovacion.es\/wp-content\/uploads\/2020\/01\/Motivators-Facebook.jpg\"><img loading=\"lazy\" decoding=\"async\" class=\"size-full wp-image-21535\" src=\"https:\/\/sociedaddelainnovacion.es\/wp-content\/uploads\/2020\/01\/Motivators-Facebook.jpg\" alt=\"Facebook Motivators\" width=\"900\" height=\"272\" \/><\/a><figcaption id=\"caption-attachment-21535\" class=\"wp-caption-text\">Font: Harvard Business Review, estudi elaborat per l&#8217;equip de Facebook<\/figcaption><\/figure>\n<p><span style=\"font-weight: 400;\">Companyies com Google, amb una for\u00e7a laboral de m\u00e9s de 100.000 treballadors, molts d&#8217;ells deslocalitzats i que no es coneixen f\u00edsicament, estan treballant per assegurar el manteniment del <\/span><i><span style=\"font-weight: 400;\">flow<\/span><\/i><span style=\"font-weight: 400;\"> i la motivaci\u00f3 intr\u00ednseca dels seus treballadors. D&#8217;aquesta manera, <\/span><a href=\"https:\/\/www.inc.com\/justin-bariso\/google-spent-2-years-researching-what-makes-a-great-remote-team-it-came-up-with-these-3-things.html\" target=\"_blank\" rel=\"noopener noreferrer nofollow\"><span style=\"font-weight: 400;\">Google ha aconseguit els mateixos nivells de satisfacci\u00f3 entre els professionals que realitzen teletreball i els que no<\/span><\/a><span style=\"font-weight: 400;\">, cosa que (te\u00f2ricament) no era possible, segons estudis previs.<\/span><\/li>\n<\/ol>\n<\/li>\n<li><b> Naturalitzaci\u00f3 de la feina en la vida de les persones:<\/b><span style=\"font-weight: 400;\"> Segur que recordes la pregunta <\/span><i><span style=\"font-weight: 400;\">&#8220;Treballes per viure o vius per treballar?&#8221;.<\/span><\/i><span style=\"font-weight: 400;\"> A Societat de la Innovaci\u00f3, ha deixat de tenir sentit. Els l\u00edmits entre camps i sectors s\u00f3n cada vegada m\u00e9s borrosos. Tamb\u00e9 els l\u00edmits entre la feina i l&#8217;oci. Som el que fem. I una de les principals coses que fem, \u00e9s treballar. Ara la pregunta m\u00e9s pertinent \u00e9s <\/span><i><span style=\"font-weight: 400;\">&#8220;Per qu\u00e8 hem de ser alguna cosa en all\u00f2 professional i un altre de diferent en all\u00f2 personal?&#8221;<\/span><\/i><span style=\"font-weight: 400;\">. Les noves generacions, especialment amb l&#8217;arribada dels <\/span><a href=\"https:\/\/www.sociedaddelainnovacion.es\/ca\/centennials-a-la-feina\/\" target=\"_blank\" rel=\"noopener noreferrer\"><span style=\"font-weight: 400;\">Centennials<\/span><\/a><span style=\"font-weight: 400;\"> en el lideratge empresarial, naturalitzaran seva forma de ser a l&#8217;empresa, trencant les barreres creades en generacions anteriors.<\/span><\/li>\n<li><b> Realitzaci\u00f3 personal a la feina:<\/b><span style=\"font-weight: 400;\"> D&#8217;altra banda, \u00e9s tamb\u00e9 natural que <\/span><b>la feina passi a ser un canal de realitzaci\u00f3 personal<\/b><span style=\"font-weight: 400;\">, esperant alguna cosa m\u00e9s que un sou pel que fem. I si portem aquest punt a l&#8217;extrem, <\/span><a href=\"https:\/\/www.forbes.com\/sites\/laurencoulman\/2019\/05\/30\/why-is-employee-activism-on-the-rise\/#146c90fb74b1\" target=\"_blank\" rel=\"noopener noreferrer nofollow\"><span style=\"font-weight: 400;\">la feina tamb\u00e9 pot arribar a convertir-se en una forma d&#8217;activisme social.<\/span><\/a><\/li>\n<\/ol>\n<h2><span style=\"font-weight: 400;\">Quin futur vols per a la teva empresa?<\/span><\/h2>\n<p><span style=\"font-weight: 400;\">Com sempre que parlem de tend\u00e8ncies de futur, \u00e9s convenient recordar que <\/span><b>no hi ha un \u00fanic futur.<\/b><span style=\"font-weight: 400;\"> M\u00faltiples futurs conviuen en paral\u00b7lel. I, de fet, <strong>aquestes 7 tend\u00e8ncies conviuran amb moltes d\u2019altres<\/strong> relacionades amb el futur del treball, que no estaran alineades amb un model d&#8217;empresa humanista.<\/span><\/p>\n<p><span style=\"font-weight: 400;\">Per exemple, parlem de tend\u00e8ncies amb el menor nivell de contacte entre persones d&#8217;una organitzaci\u00f3, la multiplicitat de carreres en paral\u00b7lel, l&#8217;increment de la <\/span><i><span style=\"font-weight: 400;\">gig economy <\/span><\/i><span style=\"font-weight: 400;\">i el treball puntual per projectes, m\u00e9s que la integraci\u00f3 en organitzacions o equips. Totes elles s\u00f3n tend\u00e8ncies que, al meu parer, no promouen l&#8217;humanisme a l&#8217;empresa, per\u00f2 que tampoc el limiten. Senzillament plantegen un nou context.<\/span><\/p>\n<p><span style=\"font-weight: 400;\">En realitat, l&#8217;important del missatge \u00e9s que, com a l\u00edder que ets, pots decidir quin futur vols crear. Pots decidir quin tipus d&#8217;organitzaci\u00f3 vols per a la Societat de la Innovaci\u00f3: una que impulsi el potencial creatiu hum\u00e0, o una que es basi \u00fanicament en l&#8217;efici\u00e8ncia tecnol\u00f2gica com a vector diferencial en el teu mercat.<\/span><\/p>\n<p><span style=\"font-weight: 400;\">Tu decideixes!<\/span><\/p>\n","protected":false},"excerpt":{"rendered":"<p>Comen\u00e7ada la tercera d\u00e8cada de segle XXI, el debat est\u00e0 a tot arreu. Encarem la fi del treball? Les m\u00e0quines es posaran al capdavant? Hauran de pagar impostos els robots? En realitat, aquest debat \u00e9s constant des de la primera revoluci\u00f3 industrial, i les dades han demostrat que, amb m\u00e9s tecnologia, m\u00e9s qualitat de vida,<\/p>\n","protected":false},"author":70,"featured_media":52362,"comment_status":"open","ping_status":"open","sticky":false,"template":"","format":"standard","meta":{"_acf_changed":false,"footnotes":""},"categories":[191],"tags":[],"class_list":["post-43619","post","type-post","status-publish","format-standard","has-post-thumbnail","hentry","category-cultura-dinnovacio"],"acf":[],"_links":{"self":[{"href":"https:\/\/sociedaddelainnovacion.es\/ca\/wp-json\/wp\/v2\/posts\/43619","targetHints":{"allow":["GET"]}}],"collection":[{"href":"https:\/\/sociedaddelainnovacion.es\/ca\/wp-json\/wp\/v2\/posts"}],"about":[{"href":"https:\/\/sociedaddelainnovacion.es\/ca\/wp-json\/wp\/v2\/types\/post"}],"author":[{"embeddable":true,"href":"https:\/\/sociedaddelainnovacion.es\/ca\/wp-json\/wp\/v2\/users\/70"}],"replies":[{"embeddable":true,"href":"https:\/\/sociedaddelainnovacion.es\/ca\/wp-json\/wp\/v2\/comments?post=43619"}],"version-history":[{"count":0,"href":"https:\/\/sociedaddelainnovacion.es\/ca\/wp-json\/wp\/v2\/posts\/43619\/revisions"}],"wp:featuredmedia":[{"embeddable":true,"href":"https:\/\/sociedaddelainnovacion.es\/ca\/wp-json\/wp\/v2\/media\/52362"}],"wp:attachment":[{"href":"https:\/\/sociedaddelainnovacion.es\/ca\/wp-json\/wp\/v2\/media?parent=43619"}],"wp:term":[{"taxonomy":"category","embeddable":true,"href":"https:\/\/sociedaddelainnovacion.es\/ca\/wp-json\/wp\/v2\/categories?post=43619"},{"taxonomy":"post_tag","embeddable":true,"href":"https:\/\/sociedaddelainnovacion.es\/ca\/wp-json\/wp\/v2\/tags?post=43619"}],"curies":[{"name":"wp","href":"https:\/\/api.w.org\/{rel}","templated":true}]}}