{"id":43792,"date":"2023-09-22T09:57:57","date_gmt":"2023-09-22T09:57:57","guid":{"rendered":"https:\/\/sociedaddelainnovacion.es\/connectio-innovacio-oberta-per-la-ciutat\/"},"modified":"2025-02-05T09:46:54","modified_gmt":"2025-02-05T09:46:54","slug":"connectio-innovacio-oberta-per-la-ciutat","status":"publish","type":"post","link":"https:\/\/sociedaddelainnovacion.es\/ca\/connectio-innovacio-oberta-per-la-ciutat\/","title":{"rendered":"Connectio: innovaci\u00f3 oberta per a la ciutat"},"content":{"rendered":"<p><span data-contrast=\"auto\">\u00a0A SDLI estem molt orgullosos d\u2019haver treballat al projecte conceptualitzant un servei que connecta empreses i <em>startups<\/em>, demandants i oferents de innovaci\u00f3 i de seguir fent-ho ara, dinamitzant-lo a la seva etapa de creixement. <\/span><span data-ccp-props=\"{&quot;134233117&quot;:true,&quot;134233118&quot;:true}\">\u00a0<\/span><\/p>\n<p><span data-contrast=\"auto\">Aquest projecte \u00e9s CONNECTIO.<\/span><span data-ccp-props=\"{&quot;134233117&quot;:true,&quot;134233118&quot;:true}\">\u00a0<\/span><\/p>\n<p><span data-contrast=\"auto\">Entrevistem a les seves dues responsables dins de Barcelona Activa, l\u2019Anna Maj\u00f3 i la B\u00e0rbara Mayoral.<\/span><span data-ccp-props=\"{&quot;134233117&quot;:true,&quot;134233118&quot;:true}\">\u00a0<\/span><\/p>\n<p><span data-contrast=\"auto\"><img loading=\"lazy\" decoding=\"async\" class=\"aligncenter size-full wp-image-38369\" src=\"https:\/\/sociedaddelainnovacion.es\/wp-content\/uploads\/2023\/05\/BannersWebCorpo_CAT02.png\" alt=\"\" width=\"2622\" height=\"751\" \/><\/span><\/p>\n<ul>\n<li data-leveltext=\"\uf0b7\" data-font=\"Symbol\" data-listid=\"2\" data-list-defn-props=\"{&quot;335552541&quot;:1,&quot;335559684&quot;:-2,&quot;335559685&quot;:720,&quot;335559991&quot;:360,&quot;469769226&quot;:&quot;Symbol&quot;,&quot;469769242&quot;:[8226],&quot;469777803&quot;:&quot;left&quot;,&quot;469777804&quot;:&quot;\uf0b7&quot;,&quot;469777815&quot;:&quot;multilevel&quot;}\" aria-setsize=\"-1\" data-aria-posinset=\"1\" data-aria-level=\"1\"><strong>Qui sou? Com us descriur\u00edeu? Quin \u00e9s el vostre rol a Barcelona Activa?\u202f\u00a0<\/strong><\/li>\n<\/ul>\n<p><span data-contrast=\"none\">S\u00f3c l\u2019Anna Maj\u00f3, s\u00f3c enginyera industrial amb MBA, apassionada per la innovaci\u00f3 en ciutats i empreses, la promoci\u00f3 econ\u00f2mica en sectors estrat\u00e8gics i col\u00b7laboraci\u00f3 publico-privada. He treballat en consultoria a Accenture, en emprenedoria a la UPC, liderat la innovaci\u00f3 al 22@Barcelona, a la Barcelona SmartCit i, ara a la direcci\u00f3 d\u2019innovaci\u00f3 empresarial des de Barcelona Activa, \u00a0liderant tamb\u00e9 l\u2019estrat\u00e8gia d\u2019impuls a l\u2019Economia Blava de la ciutat.\u202f<\/span><span data-ccp-props=\"{&quot;134233117&quot;:true,&quot;134233118&quot;:true,&quot;335559685&quot;:720}\">\u00a0<\/span><\/p>\n<p><span data-contrast=\"none\">Jo s\u00f3c la B\u00e0rbara Mayoral, s\u00f3c economista i entusiasta de la innovaci\u00f3, l\u2019emprenedoria i l\u2019educaci\u00f3, \u00e0mbits en els que fa m\u00e9s de 15 anys que treballo gestionant iniciatives\u202f<\/span><i><span data-contrast=\"none\">multistakeholder<\/span><\/i><span data-contrast=\"none\">\u202fd\u2019\u00e0mbit local, europeu i internacional.<\/span><span data-ccp-props=\"{&quot;134233117&quot;:true,&quot;134233118&quot;:true,&quot;335559685&quot;:720}\">\u00a0<\/span><\/p>\n<ul>\n<li><strong>Com treballa Barcelona Activa per a fomentar la innovaci\u00f3 a la ciutat?\u00a0<\/strong><\/li>\n<\/ul>\n<p>Des de Barcelona Activa t<span class=\"contentpasted0\">reballem perqu\u00e8 les empreses de la ciutat innovin m\u00e9s i ho facin generant un major impacte. \u00c9s per aquesta ra\u00f3 que, a trav\u00e9s de CONNECTIO, facilitem i contribu\u00efm a generar una comunitat d\u2019empreses i organitzacions que treballen la innovaci\u00f3 oberta entre les empreses de la ciutat de Barcelona, col\u00b7laborant de forma \u00e0mplia amb tots els agents de l\u2019ecosistema. <b>Volem CONNECTAR les empreses a traves de la innovaci\u00f3 i dinamitzar la COMMUNITAT innovadora de la ciutat.\u00a0<\/b><\/span><\/p>\n<ul>\n<li><strong>Com neix CONNECTIO? (om va sorgir la iniciativa CONNECTIO? Quins insights us v\u00e0reu trobar per adonar-vos-en compte de les problem\u00e0tiques de grans <em>corporates<\/em>, pimes i startups a les que va dirigida la iniciativa?<\/strong><\/li>\n<\/ul>\n<p><span data-contrast=\"none\">Barcelona Activa ha apostat per la innovaci\u00f3 des de la seva creaci\u00f3 ja fa d\u00e8cades, promovem l\u2019emprenedoria que fa n\u00e9ixer projectes innovadors, ajudem a les PIMEs a incorporar la innovaci\u00f3 al seu ADN, i l\u2019any 2020 vam voler anar m\u00e9s enll\u00e0 i, de la m\u00e0 del Xavier Marcet, vam realitzar<\/span><span data-contrast=\"none\">\u202f<\/span><span data-contrast=\"none\">l\u2019estudi\u202f<\/span><a href=\"https:\/\/empreses.barcelonactiva.cat\/documents\/20592\/476300\/Estudi+Innoseus+Barcelona.pdf\/%22%20\/o%20%22https:\/\/empreses.barcelonactiva.cat\/documents\/20592\/476300\/Estudi+Innoseus+Barcelona.pdf\/\" rel=\"nofollow noopener\" target=\"_blank\"><span data-contrast=\"none\">InnoSeus<\/span><\/a><span data-contrast=\"none\">, amb l\u2019objectiu de con\u00e8ixer les necessitats de les empreses amb seus d\u2019innovaci\u00f3 a Barcelona. D\u2019aquest estudi es despr\u00e8n que Barcelona Activa pot fer de facilitadora ajudant a connectar les grans empreses (<\/span><i><span data-contrast=\"none\">corporates<\/span><\/i><span data-contrast=\"none\">) amb les PIMEs i start-ups locals. CONNECTIO neix fruit d\u2019aquestes primeres conclusions i d\u2019una posterior reflexi\u00f3, realitzada amb el Joan Ras de SDLI, sobre com dissenyar una iniciativa que afavor\u00eds les connexions i promogu\u00e9s que d\u2019aquestes connexions en sorgissin projectes de col\u00b7laboraci\u00f3 que ajudessin a que les innovacions arribessin a mercat.<\/span><span data-ccp-props=\"{&quot;134233117&quot;:true,&quot;134233118&quot;:true,&quot;335559685&quot;:720}\">\u00a0<\/span><\/p>\n<ul>\n<li data-leveltext=\"\uf0b7\" data-font=\"Symbol\" data-listid=\"6\" data-list-defn-props=\"{&quot;335552541&quot;:1,&quot;335559684&quot;:-2,&quot;335559685&quot;:720,&quot;335559991&quot;:360,&quot;469769226&quot;:&quot;Symbol&quot;,&quot;469769242&quot;:[8226],&quot;469777803&quot;:&quot;left&quot;,&quot;469777804&quot;:&quot;\uf0b7&quot;,&quot;469777815&quot;:&quot;multilevel&quot;}\" aria-setsize=\"-1\" data-aria-posinset=\"1\" data-aria-level=\"1\"><strong>Qu\u00e8 \u00e9s CONNECTIO? A quin tipus d&#8217;organitzacions va dirigit CONNECTIO? Quina proposta de valor t\u00e9 per a cada perfil?\u00a0<\/strong><\/li>\n<\/ul>\n<p><span data-contrast=\"none\">CONNECTIO \u00e9s un nou servei estable de Barcelona Activa que connecta empreses a trav\u00e9s de la innovaci\u00f3 oberta. Es tracta d\u2019una iniciativa\u202f<\/span><i><span data-contrast=\"none\">phygital<\/span><\/i><span data-contrast=\"none\">, doncs disposa d\u2019una\u202f<\/span><a href=\"http:\/\/www.barcelonactiva.cat\/connectio\" rel=\"nofollow noopener\" target=\"_blank\"><span data-contrast=\"none\">plataforma<\/span><\/a><span data-contrast=\"none\">\u202fa trav\u00e9s de la qual s\u2019articula la comunitat i les connexions que se\u2019n deriven, complementada per propostes presencials per als membres de CONNECTIO com esdeveniments, reunions tem\u00e0tiques o formaci\u00f3 en innovaci\u00f3 oberta, entre altres.<\/span><span data-ccp-props=\"{&quot;134233117&quot;:true,&quot;134233118&quot;:true,&quot;335559685&quot;:720}\">\u00a0<\/span><\/p>\n<p><span data-contrast=\"none\">La iniciativa s\u2019adre\u00e7a a qualsevol empresa o organitzaci\u00f3 de la ciutat que vulgui treballar la innovaci\u00f3 empresarial de forma oberta i col\u00b7laborativa, en el marc d\u2019una iniciativa que est\u00e0 dinamitzada<\/span><span data-contrast=\"none\">,\u202f<\/span><span data-contrast=\"none\">curada i acompanyada. S\u2019hi poden inscriure les empreses o organitzacions que tinguin reptes per resoldre per tal d\u2019incorporar innovaci\u00f3 de forma r\u00e0pida, les PIMEs i start-ups que tenen productes, serveis o tecnologies innovadores per accelerar el seu acc\u00e9s al mercat, aix\u00ed com altres agents de l\u2019ecosistema innovador de la ciutat.<\/span><span data-ccp-props=\"{&quot;134233117&quot;:true,&quot;134233118&quot;:true,&quot;335559685&quot;:720}\">\u00a0<\/span><\/p>\n<p><b><span data-contrast=\"none\">Les primeres passes<br \/>\n<\/span><\/b><\/p>\n<p><span data-contrast=\"none\">CONNECTIO es va llan\u00e7ar el novembre de 2022 en el marc del Smart City Expo World Congress i actualment ja \u00e9s una realitat plenament operativa amb uns 300 participants registrats a la seva plataforma, on s\u2019han publicat 8 reptes d\u2019innovaci\u00f3. Amb l\u2019objectiu de donar a con\u00e8ixer la iniciativa i fer cr\u00e9ixer la comunitat l\u2019hem presentat, amb una excel\u00b7lent rebuda, en esdeveniments com ISE, IoT, 4YFN o l\u2019Advanced Factories m\u00e9s recentment, on hem comptat amb la col\u00b7laboraci\u00f3 i els testimonials de diversos participants i socis en cadascuna de les sessions.<\/span><span data-ccp-props=\"{&quot;134233117&quot;:true,&quot;134233118&quot;:true,&quot;335559685&quot;:720}\">\u00a0<\/span><\/p>\n<p><span data-contrast=\"none\">Actualment, algunes de les empreses demandants d\u2019innovaci\u00f3 que ja han participat en la fase inicial es troben en converses amb diverses start-ups participants. Esperem poder compartir amb vosaltres algun projecte d\u2019aplicaci\u00f3 real sorgit de CONNECTIO els propers mesos.<\/span><span data-ccp-props=\"{&quot;134233117&quot;:true,&quot;134233118&quot;:true,&quot;335559685&quot;:803}\">\u00a0<\/span><\/p>\n<p><b><span data-contrast=\"none\">El futur<br \/>\n<\/span><\/b><\/p>\n<p><span data-contrast=\"none\">CONNECTIO \u00e9s un projecte viu que s\u2019anir\u00e0 nodrint de les experi\u00e8ncies sorgides de la pr\u00f2pia iniciativa aix\u00ed com de les necessitats que ens traslladin els seus membres i la resta d\u2019actors de l\u2019ecosistema innovador de la ciutat. El nostre objectiu, com ja hem apuntat, \u00e9s generar un punt de trobada per a qualsevol empresa o organitzaci\u00f3 de la ciutat que vulgui treballar la innovaci\u00f3 de forma oberta i col\u00b7laborativa creant aix\u00ed una comunitat on es genera intel\u00b7lig\u00e8ncia col\u00b7lectiva, es desenvolupa el talent local i es fomenta la innovaci\u00f3 empresarial.\u202f Volem CONNECTAR la innovaci\u00f3 i generar COMMUNITAT, accelerant projectes innovadors que generin impacte real.<\/span><span data-ccp-props=\"{&quot;134233117&quot;:true,&quot;134233118&quot;:true,&quot;335559685&quot;:720}\">\u00a0<\/span><\/p>\n<p><span data-contrast=\"none\">Aix\u00ed que si teniu oportunitats d\u2019innovaci\u00f3, solucions, o formeu part de l\u2019ecosistema, us animem a sumar-vos a CONNECTIO, a sumar-vos a la innovaci\u00f3 oberta!<\/span><span data-ccp-props=\"{&quot;134233117&quot;:true,&quot;134233118&quot;:true,&quot;335559685&quot;:720}\">\u00a0<\/span><\/p>\n<p><span data-ccp-props=\"{}\">\u00a0<\/span><\/p>\n<p><span data-contrast=\"auto\">Ha estat un plaer poder compartir un projecte tant enriquidor per nosaltres i amb tant valor per a la ciutat. <\/span><span data-ccp-props=\"{}\">\u00a0<\/span><\/p>\n<p><span data-contrast=\"auto\">I com han dit elles, sumeu-vos a CONNECTIO!<\/span><span data-ccp-props=\"{}\">\u00a0<\/span><\/p>\n<p>&nbsp;<\/p>\n<p><span data-contrast=\"auto\"><img loading=\"lazy\" decoding=\"async\" class=\"aligncenter size-full wp-image-38372\" src=\"https:\/\/sociedaddelainnovacion.es\/wp-content\/uploads\/2023\/05\/Flyer_Entregable-05.png\" alt=\"\" width=\"3544\" height=\"1182\" \/><\/span><\/p>\n","protected":false},"excerpt":{"rendered":"<p>\u00a0A SDLI estem molt orgullosos d\u2019haver treballat al projecte conceptualitzant un servei que connecta empreses i startups, demandants i oferents de innovaci\u00f3 i de seguir fent-ho ara, dinamitzant-lo a la seva etapa de creixement. \u00a0 Aquest projecte \u00e9s CONNECTIO.\u00a0 Entrevistem a les seves dues responsables dins de Barcelona Activa, l\u2019Anna Maj\u00f3 i la B\u00e0rbara Mayoral.\u00a0<\/p>\n","protected":false},"author":49,"featured_media":55935,"comment_status":"open","ping_status":"open","sticky":false,"template":"","format":"standard","meta":{"_acf_changed":false,"footnotes":""},"categories":[1005,293],"tags":[],"class_list":["post-43792","post","type-post","status-publish","format-standard","has-post-thumbnail","hentry","category-entrevistes","category-innovacio-publica"],"acf":[],"_links":{"self":[{"href":"https:\/\/sociedaddelainnovacion.es\/ca\/wp-json\/wp\/v2\/posts\/43792","targetHints":{"allow":["GET"]}}],"collection":[{"href":"https:\/\/sociedaddelainnovacion.es\/ca\/wp-json\/wp\/v2\/posts"}],"about":[{"href":"https:\/\/sociedaddelainnovacion.es\/ca\/wp-json\/wp\/v2\/types\/post"}],"author":[{"embeddable":true,"href":"https:\/\/sociedaddelainnovacion.es\/ca\/wp-json\/wp\/v2\/users\/49"}],"replies":[{"embeddable":true,"href":"https:\/\/sociedaddelainnovacion.es\/ca\/wp-json\/wp\/v2\/comments?post=43792"}],"version-history":[{"count":0,"href":"https:\/\/sociedaddelainnovacion.es\/ca\/wp-json\/wp\/v2\/posts\/43792\/revisions"}],"wp:featuredmedia":[{"embeddable":true,"href":"https:\/\/sociedaddelainnovacion.es\/ca\/wp-json\/wp\/v2\/media\/55935"}],"wp:attachment":[{"href":"https:\/\/sociedaddelainnovacion.es\/ca\/wp-json\/wp\/v2\/media?parent=43792"}],"wp:term":[{"taxonomy":"category","embeddable":true,"href":"https:\/\/sociedaddelainnovacion.es\/ca\/wp-json\/wp\/v2\/categories?post=43792"},{"taxonomy":"post_tag","embeddable":true,"href":"https:\/\/sociedaddelainnovacion.es\/ca\/wp-json\/wp\/v2\/tags?post=43792"}],"curies":[{"name":"wp","href":"https:\/\/api.w.org\/{rel}","templated":true}]}}